{"id":21836,"date":"2025-05-14T15:08:10","date_gmt":"2025-05-14T13:08:10","guid":{"rendered":"https:\/\/www.billigtrikotde.com\/?p=21836"},"modified":"2025-05-14T15:08:14","modified_gmt":"2025-05-14T13:08:14","slug":"rodrygo-weigert-sich-fuer-real-madrid-zu-spielen","status":"publish","type":"post","link":"https:\/\/www.billigtrikotde.com\/sv\/rodrygo-weigert-sich-fuer-real-madrid-zu-spielen\/","title":{"rendered":"Rodrygo v\u00e4grar spela f\u00f6r Real Madrid"},"content":{"rendered":"<p>Real Madrids m\u00e5lvakt Rodrygo v\u00e4grade spela i <strong><a href=\"https:\/\/www.billigtrikotde.com\/sv\/real-madrid\/\" data-type=\"link\" data-id=\"https:\/\/www.billigtrikotde.com\/real-madrid\/\">Real Madrid-tr\u00f6ja<\/a><\/strong> f\u00f6r att han var missn\u00f6jd med sin taktiska position. Denna h\u00e4ndelse speglar den sedan l\u00e4nge existerande obalansen i klubbens uppst\u00e4llning. Fr\u00e5n den \u00f6verfulla anfallsraden till kaoset i mitten och luckorna i f\u00f6rsvarssidan, betalar Real Madrid priset f\u00f6r ledningens transferstrategi.<\/p><h2 class=\"wp-block-heading\">Rodrygos offer och utest\u00e4ngning<\/h2><p>Som representant f\u00f6r den nya generationen av brasilianska ytterspelare \u00e4r Rodrygo skicklig p\u00e5 att bryta igenom p\u00e5 v\u00e4nster sida och kontrollera viktiga bollar. F\u00f6r att anpassa sig till Real Madrid:s taktik blev han dock l\u00e4nge flyttad till h\u00f6ger sida. Han tvingades till och med l\u00e4mna plats \u00e5t Mbapp\u00e9 och Vin\u00edcius.<\/p><p>Hans rekord p\u00e5 13 m\u00e5l och 10 assists den h\u00e4r s\u00e4songen \u00e4r imponerande, men han har inte gjort ett ligam\u00e5l p\u00e5 fyra m\u00e5nader i rad, och hans form svajar kraftigt.<\/p><figure class=\"wp-block-image size-full\"><img fetchpriority=\"high\" decoding=\"async\" width=\"595\" height=\"446\" src=\"https:\/\/www.billigtrikotde.com\/wp-content\/uploads\/2025\/05\/Real-Madrid-Rodrygo.webp\" alt=\"Real Madrid Rodrygo\" class=\"wp-image-21837\" srcset=\"https:\/\/www.billigtrikotde.com\/wp-content\/uploads\/2025\/05\/Real-Madrid-Rodrygo.webp 595w, https:\/\/www.billigtrikotde.com\/wp-content\/uploads\/2025\/05\/Real-Madrid-Rodrygo-300x225.webp 300w, https:\/\/www.billigtrikotde.com\/wp-content\/uploads\/2025\/05\/Real-Madrid-Rodrygo-16x12.webp 16w, https:\/\/www.billigtrikotde.com\/wp-content\/uploads\/2025\/05\/Real-Madrid-Rodrygo-64x48.webp 64w\" sizes=\"(max-width: 595px) 100vw, 595px\" \/><\/figure><p>Det som gjorde honom \u00e4nnu mer besviken var den mediala fokuseringen p\u00e5 stj\u00e4rnor som Mbapp\u00e9. Hans bidrag ignorerades upprepade g\u00e5nger, och att han inte nominerades till Guldbollen f\u00f6rv\u00e4rrade denna mots\u00e4gelse ytterligare.<\/p><h2 class=\"wp-block-heading\">Biverkningarna av m\u00f6tet mellan Real Madrids frontcourt-supersstj\u00e4rnor<\/h2><p>Efter Mbapp\u00e9s flytt blev konkurrensen om anfallet h\u00e5rdare i Real Madrid. Vin\u00edcius tog v\u00e4nsterkanten, Mbapp\u00e9 hade fri hand i v\u00e4nster mittf\u00e4lt. Rodrygo var tvungen att \u201ds\u00e4kra\u201d sig p\u00e5 h\u00f6ger sida, vilket begr\u00e4nsade genombrotts- och skottm\u00f6jligheter.<\/p><p>Position\u00f6verlappningar f\u00f6rsv\u00e5rade synergierna och f\u00f6rv\u00e4rrade mots\u00e4ttningen i bollf\u00f6rdelningen. Ledningen f\u00f6ljde blint det kommersiella v\u00e4rdet, ignorerade uppst\u00e4llningens anpassningsf\u00f6rm\u00e5ga och offrade till slut spelarnas personliga utveckling.<\/p><h2 class=\"wp-block-heading\">I mitten f\u00f6rlorade<\/h2><p>Real Madrids mittf\u00e4ltproblem \u00e4r lika akut. Efter Kroos' avg\u00e5ng saknades ett organisatoriskt k\u00e4rnspel i laget. Camavinga och Bellingham skadade sig ofta. Det provisoriska mittf\u00e4ltsparet hade d\u00e5lig bollkontroll och en oorganiserad f\u00f6rsvarslinje.<\/p><figure class=\"wp-block-image size-full\"><img decoding=\"async\" width=\"595\" height=\"335\" src=\"https:\/\/www.billigtrikotde.com\/wp-content\/uploads\/2025\/05\/Real-Madrid-Rodrygo-1.webp\" alt=\"Real Madrid Rodrygo-1\" class=\"wp-image-21838\" srcset=\"https:\/\/www.billigtrikotde.com\/wp-content\/uploads\/2025\/05\/Real-Madrid-Rodrygo-1.webp 595w, https:\/\/www.billigtrikotde.com\/wp-content\/uploads\/2025\/05\/Real-Madrid-Rodrygo-1-300x169.webp 300w, https:\/\/www.billigtrikotde.com\/wp-content\/uploads\/2025\/05\/Real-Madrid-Rodrygo-1-18x10.webp 18w, https:\/\/www.billigtrikotde.com\/wp-content\/uploads\/2025\/05\/Real-Madrid-Rodrygo-1-64x36.webp 64w\" sizes=\"(max-width: 595px) 100vw, 595px\" \/><\/figure><h2 class=\"wp-block-heading\">F\u00f6rsvarscrash: Fatal fel i transferstrategin<\/h2><p>Florentino fokuserade de senaste \u00e5ren p\u00e5 att v\u00e4rva fria agenter och anfallare och f\u00f6rsummade uppbyggnaden av f\u00f6rsvarslinjen. Veteraner som R\u00fcdiger och Alaba skadade sig ofta, och ungdomsspelare var tvungna att axla uppgifter i krissituationer. F\u00f6rsvarslinjen i derbyt mot landet \u00e4r full av svagheter.<\/p><p>Under sommartargetv\u00e4tten 2024 betalade Real Madrid 80 miljoner euro f\u00f6r Enderrick, men avstod fr\u00e5n att f\u00f6rst\u00e4rka mittbacken, vilket i slut\u00e4ndan riskerar ett sammanbrott. Denna \u201doffensiva och defensiva l\u00e4tthet\u201d-strategi motsvarar exakt den fr\u00e5n 2003 och \u00e4r d\u00f6md att misslyckas.<\/p><h2 class=\"wp-block-heading\">Systematiska anpassningar v\u00e4ntar<\/h2><p>Rodrygo-incidenten \u00e4r inget enskilt fall. Om Real Madrid forts\u00e4tter att satsa p\u00e5 superstj\u00e4rnstacking och ignorerar uppst\u00e4llningens balans kommer konflikter i omkl\u00e4dningsrummet och prestationssv\u00e4ngningar bli normen.<\/p><p>Laget m\u00e5ste l\u00e4gga undan mentaliteten \u201dBusiness First\u201d, st\u00e4rka mittf\u00e4ltet och bakre rymden m\u00e5lmedvetet och ge unga spelare tydliga utvecklingsv\u00e4gar.<\/p><p>Slutligen vilar Real Madrids tr\u00f6jrykte inte p\u00e5 superstars namn utan p\u00e5 de elva spelarna p\u00e5 planen som i likakuriga f\u00e4rger <strong><a href=\"https:\/\/www.billigtrikotde.com\/sv\/\" data-type=\"link\" data-id=\"https:\/\/www.billigtrikotde.com\/\">Billiga tr\u00f6jor<\/a><\/strong> samarbetar och tyst koopererar.<\/p>","protected":false},"excerpt":{"rendered":"<p>Real Madrids anfallare Rodrygo v\u00e4grade spela i Real Madrid-tr\u00f6jan eftersom han var missn\u00f6jd med sin taktiska position. Denna h\u00e4ndelse speglar den l\u00e4nge existerande obalansen i laguppst\u00e4llningen. Fr\u00e5n den \u00f6verfulla anfallsraden till kaoset i mittf\u00e4ltet till luckorna i f\u00f6rsvaret f\u00e5r Real Madrid betala f\u00f6r [\u2026]<\/p>","protected":false},"author":1,"featured_media":21839,"comment_status":"open","ping_status":"open","sticky":false,"template":"","format":"standard","meta":{"footnotes":""},"categories":[1425],"tags":[1394,1426],"class_list":["post-21836","post","type-post","status-publish","format-standard","has-post-thumbnail","hentry","category-real-madrid-trikot","tag-billige-trikots","tag-real-madrid-trikot"],"_links":{"self":[{"href":"https:\/\/www.billigtrikotde.com\/sv\/wp-json\/wp\/v2\/posts\/21836","targetHints":{"allow":["GET"]}}],"collection":[{"href":"https:\/\/www.billigtrikotde.com\/sv\/wp-json\/wp\/v2\/posts"}],"about":[{"href":"https:\/\/www.billigtrikotde.com\/sv\/wp-json\/wp\/v2\/types\/post"}],"author":[{"embeddable":true,"href":"https:\/\/www.billigtrikotde.com\/sv\/wp-json\/wp\/v2\/users\/1"}],"replies":[{"embeddable":true,"href":"https:\/\/www.billigtrikotde.com\/sv\/wp-json\/wp\/v2\/comments?post=21836"}],"version-history":[{"count":1,"href":"https:\/\/www.billigtrikotde.com\/sv\/wp-json\/wp\/v2\/posts\/21836\/revisions"}],"predecessor-version":[{"id":21840,"href":"https:\/\/www.billigtrikotde.com\/sv\/wp-json\/wp\/v2\/posts\/21836\/revisions\/21840"}],"wp:featuredmedia":[{"embeddable":true,"href":"https:\/\/www.billigtrikotde.com\/sv\/wp-json\/wp\/v2\/media\/21839"}],"wp:attachment":[{"href":"https:\/\/www.billigtrikotde.com\/sv\/wp-json\/wp\/v2\/media?parent=21836"}],"wp:term":[{"taxonomy":"category","embeddable":true,"href":"https:\/\/www.billigtrikotde.com\/sv\/wp-json\/wp\/v2\/categories?post=21836"},{"taxonomy":"post_tag","embeddable":true,"href":"https:\/\/www.billigtrikotde.com\/sv\/wp-json\/wp\/v2\/tags?post=21836"}],"curies":[{"name":"wp","href":"https:\/\/api.w.org\/{rel}","templated":true}]}}