{"id":21387,"date":"2025-03-24T14:18:24","date_gmt":"2025-03-24T13:18:24","guid":{"rendered":"https:\/\/www.billigtrikotde.com\/?p=21387"},"modified":"2025-03-24T14:18:30","modified_gmt":"2025-03-24T13:18:30","slug":"die-stars-von-liverpool-und-real-madrid-gerieten-waehrend-der-laenderspielpause-auf-und-neben-dem-platz-aneinander","status":"publish","type":"post","link":"https:\/\/www.billigtrikotde.com\/sv\/die-stars-von-liverpool-und-real-madrid-gerieten-waehrend-der-laenderspielpause-auf-und-neben-dem-platz-aneinander\/","title":{"rendered":"Liverpool- och Real Madrid-stj\u00e4rnorna drabbade samman p\u00e5 och utanf\u00f6r planen under landslagsuppeh\u00e5llet"},"content":{"rendered":"<p>Dominik Szoboszlai fr\u00e5n Liverpool FC och Arda G\u00fcler fr\u00e5n <a href=\"https:\/\/www.billigtrikotde.com\/sv\/real-madrid\/\" data-type=\"link\" data-id=\"https:\/\/www.billigtrikotde.com\/real-madrid\/\">\u00a0Real Madrid Fotbollstr\u00f6ja<\/a> var inblandade i ett hett gr\u00e4l under landslagsuppeh\u00e5llet som b\u00f6rjade p\u00e5 planen p\u00e5 Puskas Stadium i Ungern och spred sig till sociala medier.<\/p><p>Szoboszl\u00e1s ungerska lag f\u00f6rlorade med 3-0 mot Turkiet i returmatchen i Nations Leagues uppflyttnings-\/nedflyttningsspel p\u00e5 s\u00f6ndagskv\u00e4llen, landets f\u00f6rsta hemmaf\u00f6rlust sedan 2022. Det turkiska laget flyttade ner Ungern till andradivisionen i t\u00e4vlingen, medan de sj\u00e4lva flyttades upp till A-League.<\/p><p>Den turkiska sidan vann den f\u00f6rsta omg\u00e5ngen med 3-1 i Istanbul, med G\u00fcler tvungen att titta p\u00e5 fr\u00e5n sidlinjen p\u00e5 grund av avst\u00e4ngning. Real Madrid-inhopparen var dock med i startelvan p\u00e5 s\u00f6ndagen och gjorde Turkiets andra m\u00e5l f\u00f6r kv\u00e4llen bara tv\u00e5 minuter efter att Hakan Calhanoglu hade brutit d\u00f6dl\u00e4get med en straff i den 37:e minuten.<\/p><p>Framf\u00f6r G\u00fclers m\u00e5l tappade Soboslai bollen i utkanten av det turkiska straffomr\u00e5det, vilket oavsiktligt utl\u00f6ste en kontring som den g\u00e4nglige mittf\u00e4ltaren avslutade med ett lugnt skott i det nedre h\u00f6rnet.<\/p><p>Under matchen hamnade de tv\u00e5 i ett gr\u00e4l d\u00e4r G\u00fcler satte fingret mot l\u00e4pparna p\u00e5 sin Liverpool-motst\u00e5ndare f\u00f6r att tysta honom. Den ungerska mediekanalen Nemzeti Sports rapporterade om br\u00e5ket p\u00e5 Instagram. Szoboslais officiella konto kommenterade helt enkelt bilden med numret \"1088\", vilket av en h\u00e4ndelse motsvarar exakt den tid d\u00e5 G\u00fcler spelade f\u00f6r Real Madrid den h\u00e4r s\u00e4songen.<\/p><p>Den talangfulla turkiska mittf\u00e4ltaren har bara spelat sex matcher i den h\u00f6gsta ligan den h\u00e4r s\u00e4songen fr\u00e5n start. Carlo Ancelottis upprepade v\u00e4gran att ge 20-\u00e5ringen fler chanser har gett n\u00e4ring \u00e5t m\u00e5nga rykten som kopplar honom till en flytt fr\u00e5n den spanska huvudstaden. <a href=\"https:\/\/www.billigtrikotde.com\/sv\/\" data-type=\"link\" data-id=\"https:\/\/www.billigtrikotde.com\/\">Billiga tr\u00f6jor<\/a> Inter Milan n\u00e4mndes nyligen som en m\u00f6jlig m\u00e5ltavla.<\/p><p>G\u00fclers landsman Calhanoglu \u00e4r ordinarie i Serie A-giganterna och har inte gjort n\u00e5got den h\u00e4r veckan f\u00f6r att skingra \u00f6verg\u00e5ngsryktena. \"Jag \u00f6nskar att han kunde komma och spela med oss\", erk\u00e4nde den erfarne mittf\u00e4ltaren, innan han tillade: \"Naturligtvis hoppas och tror jag att han f\u00f6rtj\u00e4nar mer speltid.\"<\/p><p>Szoboszlai, som \u00e4r fyra \u00e5r \u00e4ldre \u00e4n G\u00fcler, spelade 2 887 minuter f\u00f6r Liverpool, hans b\u00e4sta s\u00e4song p\u00e5 Merseyside hittills. The Reds anses vara favoriter till att vinna Premier League-titeln, men till skillnad fr\u00e5n G\u00fclers Real Madrid \u00e4r de inte l\u00e4ngre med i Champions League.<\/p>","protected":false},"excerpt":{"rendered":"<p>Dominik Szoboszlai vom FC Liverpool und Arda G\u00fcler von \u00a0Real Madrid Fu\u00dfballtrikot waren w\u00e4hrend der L\u00e4nderspielpause in einen heftigen Streit verwickelt, der auf dem Spielfeld im ungarischen Puskas-Stadion begann und sich bis in die sozialen Medien ausweitete. Szoboszl\u00e1s ungarische Mannschaft unterlag am Sonntagabend im R\u00fcckspiel der Auf- und Abstiegs-Play-offs der Nations League der T\u00fcrkei mit [\u2026]<\/p>","protected":false},"author":1,"featured_media":21388,"comment_status":"open","ping_status":"open","sticky":false,"template":"","format":"standard","meta":{"footnotes":""},"categories":[1393,1460],"tags":[1394,1459],"class_list":["post-21387","post","type-post","status-publish","format-standard","has-post-thumbnail","hentry","category-billige-trikots","category-real-madrid-fussballtrikot","tag-billige-trikots","tag-real-madrid-fussballtrikot"],"_links":{"self":[{"href":"https:\/\/www.billigtrikotde.com\/sv\/wp-json\/wp\/v2\/posts\/21387","targetHints":{"allow":["GET"]}}],"collection":[{"href":"https:\/\/www.billigtrikotde.com\/sv\/wp-json\/wp\/v2\/posts"}],"about":[{"href":"https:\/\/www.billigtrikotde.com\/sv\/wp-json\/wp\/v2\/types\/post"}],"author":[{"embeddable":true,"href":"https:\/\/www.billigtrikotde.com\/sv\/wp-json\/wp\/v2\/users\/1"}],"replies":[{"embeddable":true,"href":"https:\/\/www.billigtrikotde.com\/sv\/wp-json\/wp\/v2\/comments?post=21387"}],"version-history":[{"count":1,"href":"https:\/\/www.billigtrikotde.com\/sv\/wp-json\/wp\/v2\/posts\/21387\/revisions"}],"predecessor-version":[{"id":21389,"href":"https:\/\/www.billigtrikotde.com\/sv\/wp-json\/wp\/v2\/posts\/21387\/revisions\/21389"}],"wp:featuredmedia":[{"embeddable":true,"href":"https:\/\/www.billigtrikotde.com\/sv\/wp-json\/wp\/v2\/media\/21388"}],"wp:attachment":[{"href":"https:\/\/www.billigtrikotde.com\/sv\/wp-json\/wp\/v2\/media?parent=21387"}],"wp:term":[{"taxonomy":"category","embeddable":true,"href":"https:\/\/www.billigtrikotde.com\/sv\/wp-json\/wp\/v2\/categories?post=21387"},{"taxonomy":"post_tag","embeddable":true,"href":"https:\/\/www.billigtrikotde.com\/sv\/wp-json\/wp\/v2\/tags?post=21387"}],"curies":[{"name":"wp","href":"https:\/\/api.w.org\/{rel}","templated":true}]}}