{"id":23211,"date":"2025-10-16T16:16:05","date_gmt":"2025-10-16T14:16:05","guid":{"rendered":"https:\/\/www.billigtrikotde.com\/?p=23211"},"modified":"2025-10-16T16:30:42","modified_gmt":"2025-10-16T14:30:42","slug":"kap-verde-offnete-die-tur-zur-weltmeisterschaft","status":"publish","type":"post","link":"https:\/\/www.billigtrikotde.com\/sl\/kap-verde-offnete-die-tur-zur-weltmeisterschaft\/","title":{"rendered":"Zelenortski otoki so odprli vrata v svetovni pokal"},"content":{"rendered":"<div data-elementor-type=\"wp-post\" data-elementor-id=\"23211\" class=\"elementor elementor-23211\" data-elementor-post-type=\"post\">\n\t\t\t\t<div class=\"elementor-element elementor-element-433a523c e-flex e-con-boxed e-con e-parent\" data-id=\"433a523c\" data-element_type=\"container\">\n\t\t\t\t\t<div class=\"e-con-inner\">\n\t\t\t\t<div class=\"elementor-element elementor-element-4037c5a4 elementor-widget elementor-widget-text-editor\" data-id=\"4037c5a4\" data-element_type=\"widget\" data-widget_type=\"text-editor.default\">\n\t\t\t\t<div class=\"elementor-widget-container\"><p>Ko je sodnik pocal razstrelil \u017eogo, je bilo 3:0. Kapverdi so premagali Svaziland doma in se kot zmagovalci skupine D uvrstili v prvo svetovno prvenstvo. Narodni stadion v kapverdskem glavnem mestu Praia je preplavil navdu\u0161enje.<\/p><p>Stadion z 15.000 gledalci je bil takoj preplavljen z belimi in modrimi <a href=\"https:\/\/www.billigtrikotde.com\/sl\/\"><strong>nogometnimi dresmi<\/strong><\/a> navdu\u0161enimi. Navija\u010di so s tribun stekli na igri\u0161\u010de, objemali in jokali z igralci. Na ta trenutek je zahodnoafri\u0161ka dr\u017eava \u010dakala 40 let. Sanje vulkanskega oto\u010dja, igrati nogomet, so se pod jahalnim navijanjem stadiona, ki sprejme 15.000 gledalcev, uresni\u010dile.<\/p><\/div>\n\t\t\t\t<\/div>\n\t\t\t\t\t<\/div>\n\t\t\t\t<\/div>\n\t\t<div class=\"elementor-element elementor-element-571d377 e-flex e-con-boxed e-con e-parent\" data-id=\"571d377\" data-element_type=\"container\">\n\t\t\t\t\t<div class=\"e-con-inner\">\n\t\t\t\t<div class=\"elementor-element elementor-element-6bfc036 elementor-widget elementor-widget-heading\" data-id=\"6bfc036\" data-element_type=\"widget\" data-widget_type=\"heading.default\">\n\t\t\t\t<div class=\"elementor-widget-container\">\n\t\t\t\t\t<h3 class=\"elementor-heading-title elementor-size-default\">Zgodovinski preboj<\/h3>\t\t\t\t<\/div>\n\t\t\t\t<\/div>\n\t\t\t\t\t<\/div>\n\t\t\t\t<\/div>\n\t\t<div class=\"elementor-element elementor-element-5d16113 e-flex e-con-boxed e-con e-parent\" data-id=\"5d16113\" data-element_type=\"container\">\n\t\t\t\t\t<div class=\"e-con-inner\">\n\t\t\t\t<div class=\"elementor-element elementor-element-4e77c5d elementor-widget elementor-widget-text-editor\" data-id=\"4e77c5d\" data-element_type=\"widget\" data-widget_type=\"text-editor.default\">\n\t\t\t\t<div class=\"elementor-widget-container\">\n\t\t\t\t\t\t\t\t\t<p>V zadnji tekmi skupine D afri\u0161ke kvalifikacije je Kapverdem izkoristil svojo prilo\u017enost.<\/p>\t\t\t\t\t\t\t\t<\/div>\n\t\t\t\t<\/div>\n\t\t\t\t\t<\/div>\n\t\t\t\t<\/div>\n\t\t<div class=\"elementor-element elementor-element-3c5118b e-flex e-con-boxed e-con e-parent\" data-id=\"3c5118b\" data-element_type=\"container\">\n\t\t\t\t\t<div class=\"e-con-inner\">\n\t\t\t\t<div class=\"elementor-element elementor-element-097f254 elementor-widget elementor-widget-text-editor\" data-id=\"097f254\" data-element_type=\"widget\" data-widget_type=\"text-editor.default\">\n\t\t\t\t<div class=\"elementor-widget-container\">\n\t\t\t\t\t\t\t\t\t<p>Proti Svazilandu, zadnji na tablici, je ekipa v drugi polovici igre v manj kot 47 sekundah dosegla tri zadetke. Streli Livramento, Semedo in Stopira so izzvali najspro\u0161nej\u0161o slabo razpolo\u017eenost v 540.000 prebivalski majhni dr\u017eavi. Med celotno kvalifikacijo so Kapverdi dosegli impresivno bilanco sedem zmag, dve neodlo\u010denosti in en poraz. \u0160e bolj impresivno je bilo, da doma niso prejeli gola.<\/p>\t\t\t\t\t\t\t\t<\/div>\n\t\t\t\t<\/div>\n\t\t\t\t\t<\/div>\n\t\t\t\t<\/div>\n\t\t<div class=\"elementor-element elementor-element-861a181 e-flex e-con-boxed e-con e-parent\" data-id=\"861a181\" data-element_type=\"container\">\n\t\t\t\t\t<div class=\"e-con-inner\">\n\t\t\t\t<div class=\"elementor-element elementor-element-97afb44 elementor-widget elementor-widget-text-editor\" data-id=\"97afb44\" data-element_type=\"widget\" data-widget_type=\"text-editor.default\">\n\t\t\t\t<div class=\"elementor-widget-container\">\n\t\t\t\t\t\t\t\t\t<p>Ekipa, ki je po svetu na lestvici \u0161ele na 70. mestu, je kot vodilna skupine napredovala v naslednjo rundo in premagala Kamerun, afri\u0161ke lev, z osmimi nastopi na svetovnem prvenstvu. Tukaj najdete <a href=\"https:\/\/www.billigtrikotde.com\/sl\/\"><strong>ugodna nogometna majica<\/strong><\/a>!<\/p>\t\t\t\t\t\t\t\t<\/div>\n\t\t\t\t<\/div>\n\t\t\t\t\t<\/div>\n\t\t\t\t<\/div>\n\t\t<div class=\"elementor-element elementor-element-04ca15d e-flex e-con-boxed e-con e-parent\" data-id=\"04ca15d\" data-element_type=\"container\">\n\t\t\t\t\t<div class=\"e-con-inner\">\n\t\t\t\t<div class=\"elementor-element elementor-element-83a9fc7 elementor-widget elementor-widget-image\" data-id=\"83a9fc7\" data-element_type=\"widget\" data-widget_type=\"image.default\">\n\t\t\t\t<div class=\"elementor-widget-container\">\n\t\t\t\t\t\t\t\t\t\t\t\t\t\t\t\t<a href=\"https:\/\/www.billigtrikotde.com\/sl\/\">\n\t\t\t\t\t\t\t<img fetchpriority=\"high\" decoding=\"async\" width=\"595\" height=\"304\" src=\"https:\/\/www.billigtrikotde.com\/wp-content\/uploads\/2025\/10\/kap-verde-offnete-die-tur-zur-weltmeisterschaft-1.webp\" class=\"attachment-large size-large wp-image-23214\" alt=\"Kap Verde \u00f6ffnete die T\u00fcr zur Weltmeisterschaft-1\" srcset=\"https:\/\/www.billigtrikotde.com\/wp-content\/uploads\/2025\/10\/kap-verde-offnete-die-tur-zur-weltmeisterschaft-1.webp 595w, https:\/\/www.billigtrikotde.com\/wp-content\/uploads\/2025\/10\/kap-verde-offnete-die-tur-zur-weltmeisterschaft-1-300x153.webp 300w, https:\/\/www.billigtrikotde.com\/wp-content\/uploads\/2025\/10\/kap-verde-offnete-die-tur-zur-weltmeisterschaft-1-18x9.webp 18w, https:\/\/www.billigtrikotde.com\/wp-content\/uploads\/2025\/10\/kap-verde-offnete-die-tur-zur-weltmeisterschaft-1-64x33.webp 64w\" sizes=\"(max-width: 595px) 100vw, 595px\" \/>\t\t\t\t\t\t\t\t<\/a>\n\t\t\t\t\t\t\t\t\t\t\t\t\t\t\t<\/div>\n\t\t\t\t<\/div>\n\t\t\t\t\t<\/div>\n\t\t\t\t<\/div>\n\t\t<div class=\"elementor-element elementor-element-4e7e980 e-flex e-con-boxed e-con e-parent\" data-id=\"4e7e980\" data-element_type=\"container\">\n\t\t\t\t\t<div class=\"e-con-inner\">\n\t\t\t\t<div class=\"elementor-element elementor-element-4909b13 elementor-widget elementor-widget-heading\" data-id=\"4909b13\" data-element_type=\"widget\" data-widget_type=\"heading.default\">\n\t\t\t\t<div class=\"elementor-widget-container\">\n\t\t\t\t\t<h3 class=\"elementor-heading-title elementor-size-default\">Majhna dr\u017eava, veliki sanj\n\n\n\n<\/h3>\t\t\t\t<\/div>\n\t\t\t\t<\/div>\n\t\t\t\t\t<\/div>\n\t\t\t\t<\/div>\n\t\t<div class=\"elementor-element elementor-element-4e21c2f e-flex e-con-boxed e-con e-parent\" data-id=\"4e21c2f\" data-element_type=\"container\">\n\t\t\t\t\t<div class=\"e-con-inner\">\n\t\t\t\t<div class=\"elementor-element elementor-element-b7af736 elementor-widget elementor-widget-text-editor\" data-id=\"b7af736\" data-element_type=\"widget\" data-widget_type=\"text-editor.default\">\n\t\t\t\t<div class=\"elementor-widget-container\">\n\t\t\t\t\t\t\t\t\t<p>Kapverdi, s samo 540.000 prebivalci, je v svetovnem nogometu uresni\u010dil \u010dude\u017e.<\/p>\t\t\t\t\t\t\t\t<\/div>\n\t\t\t\t<\/div>\n\t\t\t\t\t<\/div>\n\t\t\t\t<\/div>\n\t\t<div class=\"elementor-element elementor-element-7859841 e-flex e-con-boxed e-con e-parent\" data-id=\"7859841\" data-element_type=\"container\">\n\t\t\t\t\t<div class=\"e-con-inner\">\n\t\t\t\t<div class=\"elementor-element elementor-element-48214a7 elementor-widget elementor-widget-text-editor\" data-id=\"48214a7\" data-element_type=\"widget\" data-widget_type=\"text-editor.default\">\n\t\t\t\t<div class=\"elementor-widget-container\">\n\t\t\t\t\t\t\t\t\t<p>Kapverdi bo Trinidad in Tobago nadomestil kot najmanj\u0161o sodelujo\u010do dr\u017eavo v zgodovini svetovnega prvenstva in leta 2018 po Islandiji tudi drugo najmanj\u0161o po \u0161tevilu prebivalcev.<\/p>\t\t\t\t\t\t\t\t<\/div>\n\t\t\t\t<\/div>\n\t\t\t\t\t<\/div>\n\t\t\t\t<\/div>\n\t\t<div class=\"elementor-element elementor-element-fde9c6b e-flex e-con-boxed e-con e-parent\" data-id=\"fde9c6b\" data-element_type=\"container\">\n\t\t\t\t\t<div class=\"e-con-inner\">\n\t\t\t\t<div class=\"elementor-element elementor-element-aa24677 elementor-widget elementor-widget-text-editor\" data-id=\"aa24677\" data-element_type=\"widget\" data-widget_type=\"text-editor.default\">\n\t\t\t\t<div class=\"elementor-widget-container\">\n\t\t\t\t\t\t\t\t\t<p>Za to odlo\u010dilno tekmo je kapverdska vlada razglasila dr\u017eavni praznik, ki je na dan tekme ob 12:00 po m\u00edstu potekal, da bi vsi dr\u017eavljani skupaj spremljali zgodovino. Tudi predsednik Neves se je udele\u017eil prireditve, da podpira nacionalno mo\u0161tvo.<\/p>\t\t\t\t\t\t\t\t<\/div>\n\t\t\t\t<\/div>\n\t\t\t\t\t<\/div>\n\t\t\t\t<\/div>\n\t\t<div class=\"elementor-element elementor-element-c012f0e e-flex e-con-boxed e-con e-parent\" data-id=\"c012f0e\" data-element_type=\"container\">\n\t\t\t\t\t<div class=\"e-con-inner\">\n\t\t\t\t<div class=\"elementor-element elementor-element-fbf69da elementor-widget elementor-widget-heading\" data-id=\"fbf69da\" data-element_type=\"widget\" data-widget_type=\"heading.default\">\n\t\t\t\t<div class=\"elementor-widget-container\">\n\t\t\t\t\t<h3 class=\"elementor-heading-title elementor-size-default\">Dolga pot do vzpona<\/h3>\t\t\t\t<\/div>\n\t\t\t\t<\/div>\n\t\t\t\t\t<\/div>\n\t\t\t\t<\/div>\n\t\t<div class=\"elementor-element elementor-element-de711d7 e-flex e-con-boxed e-con e-parent\" data-id=\"de711d7\" data-element_type=\"container\">\n\t\t\t\t\t<div class=\"e-con-inner\">\n\t\t\t\t<div class=\"elementor-element elementor-element-a72caba elementor-widget elementor-widget-text-editor\" data-id=\"a72caba\" data-element_type=\"widget\" data-widget_type=\"text-editor.default\">\n\t\t\t\t<div class=\"elementor-widget-container\">\n\t\t\t\t\t\t\t\t\t<p>Vzpon kapverdskega nogometa ni nastal \u010dez no\u010d. Kapverdi so leta 1975 pridobili neodvisnost od portugalske kolonialne oblasti, kapverdska nogometna zveza pa je bila ustanovljena leta 1982 in se je leta 1986 pridru\u017eila FIFA.<\/p>\t\t\t\t\t\t\t\t<\/div>\n\t\t\t\t<\/div>\n\t\t\t\t\t<\/div>\n\t\t\t\t<\/div>\n\t\t<div class=\"elementor-element elementor-element-1217e61 e-flex e-con-boxed e-con e-parent\" data-id=\"1217e61\" data-element_type=\"container\">\n\t\t\t\t\t<div class=\"e-con-inner\">\n\t\t\t\t<div class=\"elementor-element elementor-element-3e9680b elementor-widget elementor-widget-text-editor\" data-id=\"3e9680b\" data-element_type=\"widget\" data-widget_type=\"text-editor.default\">\n\t\t\t\t<div class=\"elementor-widget-container\">\n\t\t\t\t\t\t\t\t\tDolg \u010das je kapverdskega nogometa ostal ve\u010d ali manj neznan. Leta 2011 se je ekipa v svetovni lestvici zni\u017eala na 162. mesto.\t\t\t\t\t\t\t\t<\/div>\n\t\t\t\t<\/div>\n\t\t\t\t\t<\/div>\n\t\t\t\t<\/div>\n\t\t<div class=\"elementor-element elementor-element-33ba443 e-flex e-con-boxed e-con e-parent\" data-id=\"33ba443\" data-element_type=\"container\">\n\t\t\t\t\t<div class=\"e-con-inner\">\n\t\t\t\t<div class=\"elementor-element elementor-element-058a150 elementor-widget elementor-widget-text-editor\" data-id=\"058a150\" data-element_type=\"widget\" data-widget_type=\"text-editor.default\">\n\t\t\t\t<div class=\"elementor-widget-container\">\n\t\t\t\t\t\t\t\t\t<p>Prelomnica je nastopila leta 2013, ko je Kap Verde na svojem prvem nastopu na Afri\u0161kem pokalu dosegel \u010detrtfinale in s tem pritegnil pozornost mednarodne nogometne skupnosti k atlantskemu oto\u010dju.<\/p>\t\t\t\t\t\t\t\t<\/div>\n\t\t\t\t<\/div>\n\t\t\t\t\t<\/div>\n\t\t\t\t<\/div>\n\t\t<div class=\"elementor-element elementor-element-94c3428 e-flex e-con-boxed e-con e-parent\" data-id=\"94c3428\" data-element_type=\"container\">\n\t\t\t\t\t<div class=\"e-con-inner\">\n\t\t\t\t<div class=\"elementor-element elementor-element-bf36e2c elementor-widget elementor-widget-text-editor\" data-id=\"bf36e2c\" data-element_type=\"widget\" data-widget_type=\"text-editor.default\">\n\t\t\t\t<div class=\"elementor-widget-container\">\n\t\t\t\t\t\t\t\t\t<p>Na Afri\u0161kem pokalu 2023 so znova dosegli \u010detrtfinale, tam tesno izgubili v igri enajstmetrovk proti Ju\u017eni Afrika in s tem dokazali svojo impresivno mo\u010d.<\/p>\t\t\t\t\t\t\t\t<\/div>\n\t\t\t\t<\/div>\n\t\t\t\t\t<\/div>\n\t\t\t\t<\/div>\n\t\t<div class=\"elementor-element elementor-element-3818c54 e-flex e-con-boxed e-con e-parent\" data-id=\"3818c54\" data-element_type=\"container\">\n\t\t\t\t\t<div class=\"e-con-inner\">\n\t\t\t\t<div class=\"elementor-element elementor-element-cd06a23 elementor-widget elementor-widget-heading\" data-id=\"cd06a23\" data-element_type=\"widget\" data-widget_type=\"heading.default\">\n\t\t\t\t<div class=\"elementor-widget-container\">\n\t\t\t\t\t<h3 class=\"elementor-heading-title elementor-size-default\">Mo\u010d zaposlovanja v tujini<\/h3>\t\t\t\t<\/div>\n\t\t\t\t<\/div>\n\t\t\t\t\t<\/div>\n\t\t\t\t<\/div>\n\t\t<div class=\"elementor-element elementor-element-5240f10 e-flex e-con-boxed e-con e-parent\" data-id=\"5240f10\" data-element_type=\"container\">\n\t\t\t\t\t<div class=\"e-con-inner\">\n\t\t\t\t<div class=\"elementor-element elementor-element-b6d5481 elementor-widget elementor-widget-text-editor\" data-id=\"b6d5481\" data-element_type=\"widget\" data-widget_type=\"text-editor.default\">\n\t\t\t\t<div class=\"elementor-widget-container\">\n\t\t\t\t\t\t\t\t\t<p>Skrivnost uspeha kapverdskega nogometa je predvsem v strategiji iskanja talentov v tujini.<\/p>\t\t\t\t\t\t\t\t<\/div>\n\t\t\t\t<\/div>\n\t\t\t\t\t<\/div>\n\t\t\t\t<\/div>\n\t\t<div class=\"elementor-element elementor-element-11df135 e-flex e-con-boxed e-con e-parent\" data-id=\"11df135\" data-element_type=\"container\">\n\t\t\t\t\t<div class=\"e-con-inner\">\n\t\t\t\t<div class=\"elementor-element elementor-element-3333934 elementor-widget elementor-widget-text-editor\" data-id=\"3333934\" data-element_type=\"widget\" data-widget_type=\"text-editor.default\">\n\t\t\t\t<div class=\"elementor-widget-container\">\n\t\t\t\t\t\t\t\t\t<p>Kapverdski nogometni zvezi aktivno i\u0161\u010de in rekrutira talente znotraj kapverdske skupnosti po vsem svetu. Mnogi izseljenci \u017eivijo v evropskih dr\u017eavah, kot so Portugalska, Nizozemska in Francija, katerih potomci prejmejo mlaj\u0161ega razvoja v evropskih ligah in napredujejo v profesionalni nogomet.<\/p>\t\t\t\t\t\t\t\t<\/div>\n\t\t\t\t<\/div>\n\t\t\t\t\t<\/div>\n\t\t\t\t<\/div>\n\t\t<div class=\"elementor-element elementor-element-0492fa8 e-flex e-con-boxed e-con e-parent\" data-id=\"0492fa8\" data-element_type=\"container\">\n\t\t\t\t\t<div class=\"e-con-inner\">\n\t\t\t\t<div class=\"elementor-element elementor-element-6f019c1 elementor-widget elementor-widget-text-editor\" data-id=\"6f019c1\" data-element_type=\"widget\" data-widget_type=\"text-editor.default\">\n\t\t\t\t<div class=\"elementor-widget-container\">\n\t\t\t\t\t\t\t\t\t<p>V tem kvalifikacijskem sre\u010danju za svetovno prvenstvo vseh 25 kapverdskih igralcev prihaja iz tujih lig, 14 jih je rojenih v tujini. Ti igralci tvorijo hrbtenico mo\u0161tva in dajejo \u010dude\u017eu te majhne naroda njihovo mo\u010d.<\/p>\t\t\t\t\t\t\t\t<\/div>\n\t\t\t\t<\/div>\n\t\t\t\t\t<\/div>\n\t\t\t\t<\/div>\n\t\t<div class=\"elementor-element elementor-element-1a48c61 e-flex e-con-boxed e-con e-parent\" data-id=\"1a48c61\" data-element_type=\"container\">\n\t\t\t\t\t<div class=\"e-con-inner\">\n\t\t\t\t<div class=\"elementor-element elementor-element-4112ce0 elementor-widget elementor-widget-image\" data-id=\"4112ce0\" data-element_type=\"widget\" data-widget_type=\"image.default\">\n\t\t\t\t<div class=\"elementor-widget-container\">\n\t\t\t\t\t\t\t\t\t\t\t\t\t\t\t<img decoding=\"async\" width=\"595\" height=\"397\" src=\"https:\/\/www.billigtrikotde.com\/wp-content\/uploads\/2025\/10\/kap-verde-offnete-die-tur-zur-weltmeisterschaft-2.webp\" class=\"attachment-large size-large wp-image-23215\" alt=\"Kap Verde \u00f6ffnete die T\u00fcr zur Weltmeisterschaft-2\" srcset=\"https:\/\/www.billigtrikotde.com\/wp-content\/uploads\/2025\/10\/kap-verde-offnete-die-tur-zur-weltmeisterschaft-2.webp 595w, https:\/\/www.billigtrikotde.com\/wp-content\/uploads\/2025\/10\/kap-verde-offnete-die-tur-zur-weltmeisterschaft-2-300x200.webp 300w, https:\/\/www.billigtrikotde.com\/wp-content\/uploads\/2025\/10\/kap-verde-offnete-die-tur-zur-weltmeisterschaft-2-18x12.webp 18w, https:\/\/www.billigtrikotde.com\/wp-content\/uploads\/2025\/10\/kap-verde-offnete-die-tur-zur-weltmeisterschaft-2-64x43.webp 64w\" sizes=\"(max-width: 595px) 100vw, 595px\" \/>\t\t\t\t\t\t\t\t\t\t\t\t\t\t\t<\/div>\n\t\t\t\t<\/div>\n\t\t\t\t\t<\/div>\n\t\t\t\t<\/div>\n\t\t<div class=\"elementor-element elementor-element-2797151 e-flex e-con-boxed e-con e-parent\" data-id=\"2797151\" data-element_type=\"container\">\n\t\t\t\t\t<div class=\"e-con-inner\">\n\t\t\t\t<div class=\"elementor-element elementor-element-b5dc397 elementor-widget elementor-widget-text-editor\" data-id=\"b5dc397\" data-element_type=\"widget\" data-widget_type=\"text-editor.default\">\n\t\t\t\t<div class=\"elementor-widget-container\">\n\t\t\t\t\t\t\t\t\t<p>Tudi sporazum Cotonou iz leta 2000 med EU in Kapverdi je bila velika pomo\u010d, saj je kapverdske igralce omogo\u010dil igranje v evropskih ligah, brez potrebe po kvotah izven EU, kar je bistveno izbolj\u0161alo njihove mo\u017enosti za razvoj.<\/p>\t\t\t\t\t\t\t\t<\/div>\n\t\t\t\t<\/div>\n\t\t\t\t\t<\/div>\n\t\t\t\t<\/div>\n\t\t<div class=\"elementor-element elementor-element-6ebb0ba e-flex e-con-boxed e-con e-parent\" data-id=\"6ebb0ba\" data-element_type=\"container\">\n\t\t\t\t\t<div class=\"e-con-inner\">\n\t\t\t\t<div class=\"elementor-element elementor-element-042f11f elementor-widget elementor-widget-heading\" data-id=\"042f11f\" data-element_type=\"widget\" data-widget_type=\"heading.default\">\n\t\t\t\t<div class=\"elementor-widget-container\">\n\t\t\t\t\t<h3 class=\"elementor-heading-title elementor-size-default\">Nogomet, nacionalna enotna sila<\/h3>\t\t\t\t<\/div>\n\t\t\t\t<\/div>\n\t\t\t\t\t<\/div>\n\t\t\t\t<\/div>\n\t\t<div class=\"elementor-element elementor-element-bc6579a e-flex e-con-boxed e-con e-parent\" data-id=\"bc6579a\" data-element_type=\"container\">\n\t\t\t\t\t<div class=\"e-con-inner\">\n\t\t\t\t<div class=\"elementor-element elementor-element-2c331d7 elementor-widget elementor-widget-text-editor\" data-id=\"2c331d7\" data-element_type=\"widget\" data-widget_type=\"text-editor.default\">\n\t\t\t\t<div class=\"elementor-widget-container\">\n\t\t\t\t\t\t\t\t\t<p>Kap Verde, ki ga sestavlja deset vulkanskih otokov, je revna z viri in ima enotni gospodarski model. Kljub temu je nogomet postal mo\u010dna enotna sila za to dr\u017eavo.<\/p>\n<p>Ko ekipa odpotuje na tekme, navija\u010di obkolijo cestu do letali\u0161\u010da, da jih pozdravijo. Ko prihajajo pomembne tekme, je narod v enotnem soglasju.<\/p>\n<p>Nacionalni branilec Lopez je jokalno dejal: \u00bbMoj o\u010de je zapustil dom pri 16 letih. Za Kapverde\u010dane je normalno odhajati v tujino v iskanju prilo\u017enosti. Ampak \u010de ostanemo skupaj, lahko dose\u017eemo izjemne stvari.\u00ab<\/p>\n<p>Kvalifikacije za svetovno prvenstvo niso le \u0161portni dose\u017eek, temve\u010d tudi dokaz nacionalne mehke mo\u010di. Kmalu po 50. obletnici neodvisnosti je Kap Verde svetu dokazal, da tudi majhne dr\u017eave lahko uresni\u010dijo velike sanje.<\/p>\n<p><span class=\"HwtZe\" lang=\"de\">\u00a0<\/span><\/p>\t\t\t\t\t\t\t\t<\/div>\n\t\t\t\t<\/div>\n\t\t\t\t\t<\/div>\n\t\t\t\t<\/div>\n\t\t<div class=\"elementor-element elementor-element-5930dfb e-flex e-con-boxed e-con e-parent\" data-id=\"5930dfb\" data-element_type=\"container\">\n\t\t\t\t\t<div class=\"e-con-inner\">\n\t\t\t\t<div class=\"elementor-element elementor-element-7dfc6e2 elementor-widget elementor-widget-image\" data-id=\"7dfc6e2\" data-element_type=\"widget\" data-widget_type=\"image.default\">\n\t\t\t\t<div class=\"elementor-widget-container\">\n\t\t\t\t\t\t\t\t\t\t\t\t\t\t\t<img decoding=\"async\" width=\"595\" height=\"335\" src=\"https:\/\/www.billigtrikotde.com\/wp-content\/uploads\/2025\/10\/kap-verde-offnete-die-tur-zur-weltmeisterschaft-3.webp\" class=\"attachment-large size-large wp-image-23216\" alt=\"Kap Verde \u00f6ffnete die T\u00fcr zur Weltmeisterschaft-3\" srcset=\"https:\/\/www.billigtrikotde.com\/wp-content\/uploads\/2025\/10\/kap-verde-offnete-die-tur-zur-weltmeisterschaft-3.webp 595w, https:\/\/www.billigtrikotde.com\/wp-content\/uploads\/2025\/10\/kap-verde-offnete-die-tur-zur-weltmeisterschaft-3-300x169.webp 300w, https:\/\/www.billigtrikotde.com\/wp-content\/uploads\/2025\/10\/kap-verde-offnete-die-tur-zur-weltmeisterschaft-3-18x10.webp 18w, https:\/\/www.billigtrikotde.com\/wp-content\/uploads\/2025\/10\/kap-verde-offnete-die-tur-zur-weltmeisterschaft-3-64x36.webp 64w\" sizes=\"(max-width: 595px) 100vw, 595px\" \/>\t\t\t\t\t\t\t\t\t\t\t\t\t\t\t<\/div>\n\t\t\t\t<\/div>\n\t\t\t\t\t<\/div>\n\t\t\t\t<\/div>\n\t\t<div class=\"elementor-element elementor-element-451ec27 e-flex e-con-boxed e-con e-parent\" data-id=\"451ec27\" data-element_type=\"container\">\n\t\t\t\t\t<div class=\"e-con-inner\">\n\t\t\t\t<div class=\"elementor-element elementor-element-1353995 elementor-widget elementor-widget-heading\" data-id=\"1353995\" data-element_type=\"widget\" data-widget_type=\"heading.default\">\n\t\t\t\t<div class=\"elementor-widget-container\">\n\t\t\t\t\t<h3 class=\"elementor-heading-title elementor-size-default\">Zaklju\u010dek<\/h3>\t\t\t\t<\/div>\n\t\t\t\t<\/div>\n\t\t\t\t\t<\/div>\n\t\t\t\t<\/div>\n\t\t<div class=\"elementor-element elementor-element-af2422c e-flex e-con-boxed e-con e-parent\" data-id=\"af2422c\" data-element_type=\"container\">\n\t\t\t\t\t<div class=\"e-con-inner\">\n\t\t\t\t<div class=\"elementor-element elementor-element-bbfa393 elementor-widget elementor-widget-text-editor\" data-id=\"bbfa393\" data-element_type=\"widget\" data-widget_type=\"text-editor.default\">\n\t\t\t\t<div class=\"elementor-widget-container\">\n\t\t\t\t\t\t\t\t\t<p>Kap Verde bo pri FIFA svetovnem prvenstvu v nogometu 2026 v Meksiku verjetno vstopil v ko\u0161 4, toda ta \u00bbModri morski pes\u00ab-ekipa ne bo kar igrala.<\/p>\n<p>Njihov cilj je dose\u010di vsaj to\u010dko ali celo remizirati z vrhunskim nasprotnikom. Kot je dejal kapitan Pico L\u00f3pez: \u00bbIgramo za celoten otok.\u00ab<\/p>\n<p>Ta dr\u017eava, ki jo sestavlja deset vulkanskih otokov in brez virov, je svojo prebivalstvo zdru\u017eila skozi nogomet.<\/p>\t\t\t\t\t\t\t\t<\/div>\n\t\t\t\t<\/div>\n\t\t\t\t\t<\/div>\n\t\t\t\t<\/div>\t\t<\/div>","protected":false},"excerpt":{"rendered":"<p>Als der Schiedsrichter abpfiff, stand es 3:0. Kap Verde besiegte Swasiland zu Hause und sicherte sich als Sieger der Gruppe D die erste WM-Qualifikation. Das Nationalstadion in der kapverdischen Hauptstadt Praia brach in Jubel aus. Das 15.000 Zuschauer fassende Stadion war sofort von den wei\u00df-blauen Fu\u00dfballtrikots \u00fcberw\u00e4ltigt. Fans str\u00f6mten von den Trib\u00fcnen auf das Spielfeld, [&hellip;]<\/p>","protected":false},"author":1,"featured_media":23212,"comment_status":"open","ping_status":"open","sticky":false,"template":"","format":"standard","meta":{"footnotes":""},"categories":[1],"tags":[],"class_list":["post-23211","post","type-post","status-publish","format-standard","has-post-thumbnail","hentry","category-allgemein"],"_links":{"self":[{"href":"https:\/\/www.billigtrikotde.com\/sl\/wp-json\/wp\/v2\/posts\/23211","targetHints":{"allow":["GET"]}}],"collection":[{"href":"https:\/\/www.billigtrikotde.com\/sl\/wp-json\/wp\/v2\/posts"}],"about":[{"href":"https:\/\/www.billigtrikotde.com\/sl\/wp-json\/wp\/v2\/types\/post"}],"author":[{"embeddable":true,"href":"https:\/\/www.billigtrikotde.com\/sl\/wp-json\/wp\/v2\/users\/1"}],"replies":[{"embeddable":true,"href":"https:\/\/www.billigtrikotde.com\/sl\/wp-json\/wp\/v2\/comments?post=23211"}],"version-history":[{"count":7,"href":"https:\/\/www.billigtrikotde.com\/sl\/wp-json\/wp\/v2\/posts\/23211\/revisions"}],"predecessor-version":[{"id":23222,"href":"https:\/\/www.billigtrikotde.com\/sl\/wp-json\/wp\/v2\/posts\/23211\/revisions\/23222"}],"wp:featuredmedia":[{"embeddable":true,"href":"https:\/\/www.billigtrikotde.com\/sl\/wp-json\/wp\/v2\/media\/23212"}],"wp:attachment":[{"href":"https:\/\/www.billigtrikotde.com\/sl\/wp-json\/wp\/v2\/media?parent=23211"}],"wp:term":[{"taxonomy":"category","embeddable":true,"href":"https:\/\/www.billigtrikotde.com\/sl\/wp-json\/wp\/v2\/categories?post=23211"},{"taxonomy":"post_tag","embeddable":true,"href":"https:\/\/www.billigtrikotde.com\/sl\/wp-json\/wp\/v2\/tags?post=23211"}],"curies":[{"name":"wp","href":"https:\/\/api.w.org\/{rel}","templated":true}]}}