{"id":22202,"date":"2025-07-07T10:09:18","date_gmt":"2025-07-07T08:09:18","guid":{"rendered":"https:\/\/www.billigtrikotde.com\/?p=22202"},"modified":"2025-07-13T15:56:06","modified_gmt":"2025-07-13T13:56:06","slug":"barcelona-veroffentlicht-neues-heimtrikot-2025-26","status":"publish","type":"post","link":"https:\/\/www.billigtrikotde.com\/sl\/barcelona-veroffentlicht-neues-heimtrikot-2025-26\/","title":{"rendered":"Barcelona sprosti novo 2025\/26 home kit"},"content":{"rendered":"<p>Doma\u010di dres FC Barcelona 2025\/26 je bil uradno predstavljen 2. julija 2025. Ta nov dres je pogumna inovacija, ki temelji na klasi\u010dnih rde\u010de-modrih \u010drtah. Zdru\u017euje gradientne barve in vijoli\u010dne diagonale ter ustvarja vizualni u\u010dinek, ki deluje tako tradicionalno kot futuristi\u010dno.<\/p><p>Klasi\u010dne rde\u010de-modre verticalne \u010drte Barcelone so bile prej\u0161nje interpretirane. \u010crte poskrbno vklju\u010dujejo elemente prehoda barv, da se ustvarijo ob\u010dutek ritma in dinamike ter odra\u017eajo dve jedrni zna\u010dilnosti Barcelone \u2013 ritmi\u010dnost in dinamiko.<\/p><p>Celoten dres ima vijoliaste diagonale. Dodu lesu daje ob\u010dutek gibanja in hitrosti ter pove\u010duje vizualni u\u010dinek.<\/p><figure class=\"wp-block-image size-full\"><img fetchpriority=\"high\" decoding=\"async\" width=\"595\" height=\"770\" src=\"https:\/\/www.billigtrikotde.com\/wp-content\/uploads\/2025\/07\/barcelona-veroffentlicht-neues-heimtrikot-2025-26.webp\" alt=\"Barcelona ver\u00f6ffentlicht neues Heimtrikot 2025\/26\" class=\"wp-image-22204\" srcset=\"https:\/\/www.billigtrikotde.com\/wp-content\/uploads\/2025\/07\/barcelona-veroffentlicht-neues-heimtrikot-2025-26.webp 595w, https:\/\/www.billigtrikotde.com\/wp-content\/uploads\/2025\/07\/barcelona-veroffentlicht-neues-heimtrikot-2025-26-232x300.webp 232w, https:\/\/www.billigtrikotde.com\/wp-content\/uploads\/2025\/07\/barcelona-veroffentlicht-neues-heimtrikot-2025-26-9x12.webp 9w, https:\/\/www.billigtrikotde.com\/wp-content\/uploads\/2025\/07\/barcelona-veroffentlicht-neues-heimtrikot-2025-26-300x388.webp 300w, https:\/\/www.billigtrikotde.com\/wp-content\/uploads\/2025\/07\/barcelona-veroffentlicht-neues-heimtrikot-2025-26-64x83.webp 64w\" sizes=\"(max-width: 595px) 100vw, 595px\" \/><figcaption class=\"wp-element-caption\">Ta dizajn je prireditev rde\u010de-modrim zastavam, ki tri \u2013 na ulicah in trgih med tekmovanji \u2013 napihuje. Ne le ohranja Barcelonin ikon\u010dni identitetni simbol, temve\u010d vklju\u010duje also sodoben dizajn in odra\u017ea popolno povezavo med tradicijo in inovacijo, med tradicijo in prihodnostjo.<br>Napis \u201eFCBarcelona\u201c je otipan na notranji strani ovratnika. Barviti detajli Barcule in katalonske zastave se zdru\u017eujejo pod spodnjim delom zadnjega ovratnika ter poudarjajo zgodovino in kulturno dedi\u0161\u010dino ekipe.<br>Sprednja stran dresa je natisnjena z logotipoma Spotify in Nike. Rokavi mo\u0161kih so potiskani z logotipom Ambilight TV, medtem ko so rokavi dame potiskani z logotipom Bimbo.<br>Logotip UNHCR se \u0161e vedno pojavlja pod \u0161tevilko igralca na hrbtni strani ter poudarja socialno odgovornost kluba.<br>To\u010dno ob objavi novega dresa je Bar\u00e7a za\u010del Marketin\u0161ko kampanjo z naslovom \u201eFuture of My Style\u201c. Z naravnim, intimen in \u010dustveno navdu\u0161ujo\u010dim pripovednim pristopom se prikazuje edinstvena osebnost in prihodnost ekipe skozi resni\u010dne pogovore med mo\u0161kimi in \u017eenskimi igralci prve ekipe.<\/figcaption><\/figure><figure class=\"wp-block-image size-full is-resized\"><img decoding=\"async\" width=\"595\" height=\"372\" src=\"https:\/\/www.billigtrikotde.com\/wp-content\/uploads\/2025\/07\/barcelona-veroffentlicht-neues-heimtrikot-2025-26-1.webp\" alt=\"Barcelona ver\u00f6ffentlicht neues Heimtrikot 2025\/26-1\" class=\"wp-image-22205\" style=\"width:800px;height:auto\" srcset=\"https:\/\/www.billigtrikotde.com\/wp-content\/uploads\/2025\/07\/barcelona-veroffentlicht-neues-heimtrikot-2025-26-1.webp 595w, https:\/\/www.billigtrikotde.com\/wp-content\/uploads\/2025\/07\/barcelona-veroffentlicht-neues-heimtrikot-2025-26-1-300x188.webp 300w, https:\/\/www.billigtrikotde.com\/wp-content\/uploads\/2025\/07\/barcelona-veroffentlicht-neues-heimtrikot-2025-26-1-18x12.webp 18w, https:\/\/www.billigtrikotde.com\/wp-content\/uploads\/2025\/07\/barcelona-veroffentlicht-neues-heimtrikot-2025-26-1-64x40.webp 64w\" sizes=\"(max-width: 595px) 100vw, 595px\" \/><\/figure><p>Kampanija je bila posneto v popolnosti z mobilnimi telefoni, da bi ujeli osebnost protagonistov v enostavnem, ravnem in naravnem slogu, ki ustreza navadam interakcije in porabe mladih gledalcev.<\/p><p>Nov dres je takoj po objavi povzro\u010dil veliko navdu\u0161enje in postavil nov dnevni rekord prodaje za <strong><a href=\"https:\/\/www.billigtrikotde.com\/sl\/fc-barcelona\/\" data-type=\"link\" data-id=\"https:\/\/www.billigtrikotde.com\/fc-barcelona\/\">FC Barcelona dresi<\/a><\/strong> na. Poudarja visoko priznanje in navdu\u0161enje navija\u010dev za ta doma\u010di dres, ki zdru\u017euje tradicionalen in inovativen dizajn.<\/p><p>Doma\u010di dres Barcelone 2025\/26 ni le prireditev klubske tradicije, temve\u010d tudi pogled v prihodnost. Popolnoma izra\u017ea ritem in vitalnost barcelonskega nogometa skozi dizajn rde\u010de-modrih barvnih gradientskih \u010drt in vijoli\u010dnih diagonalnih \u010drt ter poudarja identiteto in kulturo ekipe.<\/p><p>Hkrati je through marketing dogodek \u201eFuture of My Style\u201c okrepil moderno podobo Barcelone kot globalne vrh nogometne znamke. Ta <strong><a href=\"https:\/\/www.billigtrikotde.com\/sl\/\" data-type=\"link\" data-id=\"https:\/\/www.billigtrikotde.com\/\">Poceni majice<\/a><\/strong> bo v novi sezoni nedvomno viden izziv znotraj in zunaj \u0161tadiona Barcelone ter bo ekipo in navija\u010de navdihnil k skupni svetlej\u0161i prihodnosti.<\/p>","protected":false},"excerpt":{"rendered":"<p>Das Heimtrikot des FC Barcelona 2025\/26 wurde am 2. Juli 2025 offiziell vorgestellt. Dieses neue Trikot ist eine mutige Innovation, die auf den klassischen rot-blauen Streifen basiert. Es kombiniert Farbverl\u00e4ufe und violette Diagonalstreifen und erzeugt so einen optischen Effekt, der sowohl traditionell als auch futuristisch wirkt. Die klassischen rot-blauen vertikalen Streifen des FC Barcelona wurden [\u2026]<\/p>","protected":false},"author":1,"featured_media":22226,"comment_status":"open","ping_status":"open","sticky":false,"template":"","format":"standard","meta":{"footnotes":""},"categories":[1,1393,1545],"tags":[1394,1546],"class_list":["post-22202","post","type-post","status-publish","format-standard","has-post-thumbnail","hentry","category-allgemein","category-billige-trikots","category-fc-barcelona-trikots","tag-billige-trikots","tag-fc-barcelona-trikots"],"_links":{"self":[{"href":"https:\/\/www.billigtrikotde.com\/sl\/wp-json\/wp\/v2\/posts\/22202","targetHints":{"allow":["GET"]}}],"collection":[{"href":"https:\/\/www.billigtrikotde.com\/sl\/wp-json\/wp\/v2\/posts"}],"about":[{"href":"https:\/\/www.billigtrikotde.com\/sl\/wp-json\/wp\/v2\/types\/post"}],"author":[{"embeddable":true,"href":"https:\/\/www.billigtrikotde.com\/sl\/wp-json\/wp\/v2\/users\/1"}],"replies":[{"embeddable":true,"href":"https:\/\/www.billigtrikotde.com\/sl\/wp-json\/wp\/v2\/comments?post=22202"}],"version-history":[{"count":3,"href":"https:\/\/www.billigtrikotde.com\/sl\/wp-json\/wp\/v2\/posts\/22202\/revisions"}],"predecessor-version":[{"id":22211,"href":"https:\/\/www.billigtrikotde.com\/sl\/wp-json\/wp\/v2\/posts\/22202\/revisions\/22211"}],"wp:featuredmedia":[{"embeddable":true,"href":"https:\/\/www.billigtrikotde.com\/sl\/wp-json\/wp\/v2\/media\/22226"}],"wp:attachment":[{"href":"https:\/\/www.billigtrikotde.com\/sl\/wp-json\/wp\/v2\/media?parent=22202"}],"wp:term":[{"taxonomy":"category","embeddable":true,"href":"https:\/\/www.billigtrikotde.com\/sl\/wp-json\/wp\/v2\/categories?post=22202"},{"taxonomy":"post_tag","embeddable":true,"href":"https:\/\/www.billigtrikotde.com\/sl\/wp-json\/wp\/v2\/tags?post=22202"}],"curies":[{"name":"wp","href":"https:\/\/api.w.org\/{rel}","templated":true}]}}