{"id":22191,"date":"2025-06-23T16:17:58","date_gmt":"2025-06-23T14:17:58","guid":{"rendered":"https:\/\/www.billigtrikotde.com\/?p=22191"},"modified":"2025-06-23T16:34:58","modified_gmt":"2025-06-23T14:34:58","slug":"neues-real-madrid-auswaertstrikot","status":"publish","type":"post","link":"https:\/\/www.billigtrikotde.com\/sl\/neues-real-madrid-auswaertstrikot\/","title":{"rendered":"Novi dres Real Madrid v gosteh"},"content":{"rendered":"<p>Izvensezonska majica Real Madrida 2025\/26 je ve\u010dinoma v globoki no\u010dni modri barvi. V primerjavi z svetlej\u0161imi svetlo sivo ali grafitno modro v preteklih letih je barva tokrat temnej\u0161a in oddaja dotik miru ter sve\u010danosti.<\/p><h2 class=\"wp-block-heading\">Vir navdiha<\/h2><p>Barvna zasnova je navdihnjena s nebom, ki prodrvi v Bernab\u00e9u stadionu med no\u010dno tekmo, in predstavlja edinstveno vzdu\u0161je tega trenutka. Slabo srebrno logotip in v vgrajenih zelenih \u010drtah na majici odra\u017ea videz kovinske fasade in igri\u0161\u010da stadion.<\/p><figure class=\"wp-block-image size-full\"><img fetchpriority=\"high\" decoding=\"async\" width=\"420\" height=\"420\" src=\"https:\/\/www.billigtrikotde.com\/wp-content\/uploads\/2025\/06\/neues-real-madrid-auswaertstrikot.webp\" alt=\"Neues Real Madrid Ausw\u00e4rtstrikot\" class=\"wp-image-22193\" srcset=\"https:\/\/www.billigtrikotde.com\/wp-content\/uploads\/2025\/06\/neues-real-madrid-auswaertstrikot.webp 420w, https:\/\/www.billigtrikotde.com\/wp-content\/uploads\/2025\/06\/neues-real-madrid-auswaertstrikot-300x300.webp 300w, https:\/\/www.billigtrikotde.com\/wp-content\/uploads\/2025\/06\/neues-real-madrid-auswaertstrikot-150x150.webp 150w, https:\/\/www.billigtrikotde.com\/wp-content\/uploads\/2025\/06\/neues-real-madrid-auswaertstrikot-12x12.webp 12w, https:\/\/www.billigtrikotde.com\/wp-content\/uploads\/2025\/06\/neues-real-madrid-auswaertstrikot-100x100.webp 100w, https:\/\/www.billigtrikotde.com\/wp-content\/uploads\/2025\/06\/neues-real-madrid-auswaertstrikot-64x64.webp 64w\" sizes=\"(max-width: 420px) 100vw, 420px\" \/><\/figure><h2 class=\"wp-block-heading\">Tekstura in detajli kroja so posvetitev klasic\u030cnim modelom<\/h2><p>Majica uporablja predlogo \u201eTiro 25\u201c in klasi\u010den dizajn ovratnika ekipe, ki izhaja iz optimizirane \u0161iviljske obdelave sezone 2006\/07.<\/p><figure class=\"wp-block-image size-full is-resized\"><img decoding=\"async\" width=\"595\" height=\"335\" src=\"https:\/\/www.billigtrikotde.com\/wp-content\/uploads\/2025\/06\/neues-real-madrid-auswaertstrikot.-1.webp\" alt=\"Neues Real Madrid Ausw\u00e4rtstrikot-1\" class=\"wp-image-22195\" style=\"width:607px;height:auto\" srcset=\"https:\/\/www.billigtrikotde.com\/wp-content\/uploads\/2025\/06\/neues-real-madrid-auswaertstrikot.-1.webp 595w, https:\/\/www.billigtrikotde.com\/wp-content\/uploads\/2025\/06\/neues-real-madrid-auswaertstrikot.-1-300x169.webp 300w, https:\/\/www.billigtrikotde.com\/wp-content\/uploads\/2025\/06\/neues-real-madrid-auswaertstrikot.-1-18x10.webp 18w, https:\/\/www.billigtrikotde.com\/wp-content\/uploads\/2025\/06\/neues-real-madrid-auswaertstrikot.-1-64x36.webp 64w\" sizes=\"(max-width: 595px) 100vw, 595px\" \/><\/figure><p><br>Posebej poudarjena je horizontalna tekstura \u201eBernab\u00e9u fasade\u201c v podrobnostih, ki jo odra\u017eajo tanke \u010drte na tkanini. Je dekorativna in rahlo reliefna, kar izbolj\u0161a videz in doda <strong><em><a href=\"https:\/\/www.billigtrikotde.com\/sl\/\" data-type=\"link\" data-id=\"https:\/\/www.billigtrikotde.com\/\">futbalne majice poceni<\/a><\/em><\/strong> ve\u010djo strukturo.<\/p><p>Zeleni trakovi na ramenih in po\u0161evnih \u0161ivih so tako prakti\u010dni kot tehnolo\u0161ki, podobni po\u017eivljanju po igri\u0161\u010du. To inovativno barvo tudi navija\u010di imenujejo \u201ePo\u017ear no\u010di\u201c.<\/p><h2 class=\"wp-block-heading\">Tehnolo\u0161ko nadgradnjo<\/h2><p>Hkrati se uvajajo nove tkanine in zra\u010dne tehnologije, da bi igralcem v vro\u010dih ali visoko intenzivnih tekmah ohranili mrzno glavo. Najpomembnej\u0161i tehni\u010dni materiali adidas \u2013 visoka raztegljivost, visoka transparentnost, hitro su\u0161enje in nizka te\u017ea, dopolnjeni z mre\u017easto strukturo \u2013 poudarjajo \u0161portno u\u010dinkovitost in pro\u017een ob\u010dutek udobja za vsakdanjo uporabo.<\/p><h2 class=\"wp-block-heading\">Klasikalna reprodukcija, trajni ob\u010dutki<\/h2><p>Ta tuja majica za goste sledi temno modri barvi majice sezone 2012\/13, kar bi lahko opisali kot klasi\u010den redesign.<\/p><figure class=\"wp-block-image size-full\"><img decoding=\"async\" width=\"595\" height=\"388\" src=\"https:\/\/www.billigtrikotde.com\/wp-content\/uploads\/2025\/06\/neues-real-madrid-auswaertstrikot-2.webp\" alt=\"Neues Real Madrid Ausw\u00e4rtstrikot-2\" class=\"wp-image-22196\" srcset=\"https:\/\/www.billigtrikotde.com\/wp-content\/uploads\/2025\/06\/neues-real-madrid-auswaertstrikot-2.webp 595w, https:\/\/www.billigtrikotde.com\/wp-content\/uploads\/2025\/06\/neues-real-madrid-auswaertstrikot-2-300x196.webp 300w, https:\/\/www.billigtrikotde.com\/wp-content\/uploads\/2025\/06\/neues-real-madrid-auswaertstrikot-2-18x12.webp 18w, https:\/\/www.billigtrikotde.com\/wp-content\/uploads\/2025\/06\/neues-real-madrid-auswaertstrikot-2-64x42.webp 64w\" sizes=\"(max-width: 595px) 100vw, 595px\" \/><\/figure><p>Izrez in odprtine ramen spominjajo pri navija\u010dih na dizajn ovratnika kluba Arsenal iz poznih 2000-ih in zgodnjih 2010-ih ter vzbujajo nostalgijo po \u201e eri Beckhama\u201c. To je skupno spomin generacije navija\u010dev in omogo\u010da novemu <strong><em><a href=\"https:\/\/www.billigtrikotde.com\/sl\/oznaka-izdelka\/real-madrid-trikot\/\" data-type=\"link\" data-id=\"https:\/\/www.billigtrikotde.com\/produkt-schlagwort\/real-madrid-trikot\/\">Real Madrid Jersey<\/a><\/em><\/strong>, uravnote\u017eitev med modernostjo in tradicijo.<\/p><h2 class=\"wp-block-heading\">Stro\u0161ki tr\u017eni povratni odziv<\/h2><p>\u010ceprav ve\u010dina platform ocenjuje ve\u010dinoma pozitivno in pohvali dizajn za njegovo \u201epopolno no\u010dno strukturo scen\u201c ter \u201edetajle, ki \u010dastijo Bernab\u00e9u\u201c, so nekateri navija\u010di na dru\u017ebenih omre\u017ejih izrazili pomisleke ali celo zavrnitev. V ocenah po odpiranju so se pojavljali komentarji kot \u201epretemno\u201c in \u201eskoraj ni\u010d druga\u010dno od uradne tekme na gostovanju\u201c.<\/p><p>Skupaj sprejem gostujo\u010de majice pri navija\u010dih je visok. Cenijo ne le njeno lepoto, temve\u010d se veseli tudi njenega debija na klju\u010dnih tekmah nove sezone.<\/p><h2 class=\"wp-block-heading\">Povzetek in pogled v prihodnost<\/h2><p>Za navija\u010de Real Madrida ta tuja majica ni le modni dodatek, ampak tudi izraz zgodovinskega \u010dustva. Ne prikazuje le bojevitega duha na igri\u0161\u010du, ampak tudi \u201eno\u010dni bojni duh\u201c mo\u0161tvene kulture in spominov navija\u010dev.<\/p><p>Prosimo, delite svoje misli tudi v komentarjih. Ali vam je ta \u201cno\u010dno modra\u201d dovolj v\u0161e\u010d? Ali obstajajo podrobnosti, ki vam niso v\u0161e\u010d? Koliko to\u010dk bi ji namenili, \u010de bi jo imeli? Veselim se va\u0161ega mnenja!<\/p>","protected":false},"excerpt":{"rendered":"<p>Gostinka majica Real Madrida 2025\/26 je ve\u010dinoma v globoki no\u010dni modri. V primerjavi z bolj svetlo granito ali grafitno modno v preteklih letih je barva tokrat dublja in oddaja ob\u010dutek miru in sve\u010danosti. Navdih: barvna paleta je navdihnjena iz neba, ki posije med no\u010dno tekmo na stadionu Bernab\u00e9u, in predstavlja [\u2026]<\/p>","protected":false},"author":1,"featured_media":22199,"comment_status":"open","ping_status":"open","sticky":false,"template":"","format":"standard","meta":{"footnotes":""},"categories":[1425,1544],"tags":[1543,1426],"class_list":["post-22191","post","type-post","status-publish","format-standard","has-post-thumbnail","hentry","category-real-madrid-trikot","category-fussballtrikots-billig","tag-fussballtrikots-billig","tag-real-madrid-trikot"],"_links":{"self":[{"href":"https:\/\/www.billigtrikotde.com\/sl\/wp-json\/wp\/v2\/posts\/22191","targetHints":{"allow":["GET"]}}],"collection":[{"href":"https:\/\/www.billigtrikotde.com\/sl\/wp-json\/wp\/v2\/posts"}],"about":[{"href":"https:\/\/www.billigtrikotde.com\/sl\/wp-json\/wp\/v2\/types\/post"}],"author":[{"embeddable":true,"href":"https:\/\/www.billigtrikotde.com\/sl\/wp-json\/wp\/v2\/users\/1"}],"replies":[{"embeddable":true,"href":"https:\/\/www.billigtrikotde.com\/sl\/wp-json\/wp\/v2\/comments?post=22191"}],"version-history":[{"count":3,"href":"https:\/\/www.billigtrikotde.com\/sl\/wp-json\/wp\/v2\/posts\/22191\/revisions"}],"predecessor-version":[{"id":22200,"href":"https:\/\/www.billigtrikotde.com\/sl\/wp-json\/wp\/v2\/posts\/22191\/revisions\/22200"}],"wp:featuredmedia":[{"embeddable":true,"href":"https:\/\/www.billigtrikotde.com\/sl\/wp-json\/wp\/v2\/media\/22199"}],"wp:attachment":[{"href":"https:\/\/www.billigtrikotde.com\/sl\/wp-json\/wp\/v2\/media?parent=22191"}],"wp:term":[{"taxonomy":"category","embeddable":true,"href":"https:\/\/www.billigtrikotde.com\/sl\/wp-json\/wp\/v2\/categories?post=22191"},{"taxonomy":"post_tag","embeddable":true,"href":"https:\/\/www.billigtrikotde.com\/sl\/wp-json\/wp\/v2\/tags?post=22191"}],"curies":[{"name":"wp","href":"https:\/\/api.w.org\/{rel}","templated":true}]}}