{"id":20597,"date":"2025-01-12T15:26:14","date_gmt":"2025-01-12T14:26:14","guid":{"rendered":"https:\/\/www.billigtrikotde.com\/?p=20597"},"modified":"2025-01-12T15:29:25","modified_gmt":"2025-01-12T14:29:25","slug":"pep-guardiola-sagt-kyle-walker-habe-darum-gebeten-manchester-city-zu-verlassen","status":"publish","type":"post","link":"https:\/\/www.billigtrikotde.com\/sl\/pep-guardiola-sagt-kyle-walker-habe-darum-gebeten-manchester-city-zu-verlassen\/","title":{"rendered":"Pep Guardiola pravi, da je Kyle Walker zaprosil za odhod iz Manchester Cityja"},"content":{"rendered":"<p>Po zmagi nad Salfordom z 8:0 v pokalu FA je vodja Manchester Cityja Pep Guardiola razkril razlog, zakaj v ekipi ni bilo desnega bo\u010dnega branilca Kyla Walkerja. Povedal je, da je Walker zaprosil za odhod iz kluba, da bi si poiskal prilo\u017enosti v tujini. Guardiola je potrdil, da je za Walkerja prejel ponudbo Bayerna iz M\u00fcnchna, vendar ta ni ustrezala oceni kluba.<\/p><p>Walker je zdaj star 34 let in njegova vloga v Cityju se je zaradi prihoda Rica Lewisa zmanj\u0161ala, vendar to ne pomeni, da nima \u010desa ponuditi drugim ekipam po svetu. Walker je s Cityjem osvojil Ligo prvakov, svetovno klubsko prvenstvo, superpokal UEFA, dvakrat pokal FA, \u0161tirikrat liga\u0161ki pokal, dvakrat angle\u0161ki superpokal in \u0161estkrat Premier League. Tak\u0161ni zmagovalci ne rastejo na drevesih.<\/p><p>\"Pred dvema dnevoma je Kyle prosil, naj si ob koncu kariere ogleda mo\u017enosti igranja v tujini,\" je dejal Guardiola. \"Pred dvema dnevoma je zaprosil za potovanje. Bayern M\u00fcnchen, mislim, da ena od ekip, vendar ponudba ni bila dovolj dobra, vendar sem ga prosil in klub ga je vpra\u0161al, kako pomembno je to. Uspeha, ki smo ga imeli v vseh teh letih, ne moremo razumeti brez Kyla, to je nemogo\u010de.<\/p><p>\"Ker poznam njegov odnos, bi zaradi \u0161tevilnih razlogov \u017ee zdaj rad raziskal mo\u017enost, da bi v zadnjih letih igral v drugi dr\u017eavi, zato bi raje pustil igrati druge igralce, katerih odnos je tukaj. To je vse.\"<\/p><p>\u010ceprav je Guardiola izjavil, da je Walker le na preizku\u0161nji in da to ne pomeni, da bo zapustil klub, se zdi, da je to za\u010detek konca. Glede na to, da City v tej sezoni Premier League \u0161e ni zasedel niti evropskega mesta, stvari zagotovo niso \u0161le po na\u010drtih, vendar to tudi pomeni, da malo pretresa ne more \u0161koditi.<\/p><p>Walker je eden izmed najdlje delujo\u010dih igralcev v klubu in je bil zraven pri Guardiolovem uspehu, zato je morebiten odhod bole\u010d za navija\u010de, vendar bi lahko ekipi v kon\u010dni fazi dal energijo. Januarja je na voljo prostor za okrepitve in \u010deprav je naslov morda nedosegljiv, si City \u017eeli zagotoviti mesto v Ligi prvakov. \u010ce jim bo uspelo obrniti formo in to dose\u010di, medtem ko bo Walker z veseljem igral drugje, bi lahko vse strani kon\u010dale to sezono zadovoljne.<\/p><p>Guardiola je bil vedno nekdo, ki v klubu ne zadr\u017euje igralcev, ki si tega ne \u017eelijo, in v tem primeru ni ni\u010d druga\u010de.<\/p><p>\"Morda se motim, vendar sem \u0161e vedno prepri\u010dan, da pri na\u0161em delu, pri katerem koli delu, ni nikogar, ki ne bi \u017eelel biti tam, kjer ne more delovati ali biti to, kar \u017eeli biti,\" je dejal Guardiola.<\/p><p>Ker je januarja odprto okno za prenose, bi se lahko morebitna selitev hitro razvila.<\/p>","protected":false},"excerpt":{"rendered":"<p>Nachdem er Salford im FA Cup mit 8:0 vernichtend geschlagen hatte, gab Manchester Citys Trainer Pep Guardiola den Grund bekannt, warum Rechtsverteidiger Kyle Walker nicht im Kader war. Er sagte, Walker habe darum gebeten, den Verein zu verlassen, um Chancen im Ausland wahrzunehmen. Guardiola best\u00e4tigte, dass zuvor ein Angebot von Bayern M\u00fcnchen f\u00fcr Walker eingegangen [&hellip;]<\/p>","protected":false},"author":1,"featured_media":20599,"comment_status":"open","ping_status":"open","sticky":false,"template":"","format":"standard","meta":{"footnotes":""},"categories":[1],"tags":[1389,1390,1388],"class_list":["post-20597","post","type-post","status-publish","format-standard","has-post-thumbnail","hentry","category-allgemein","tag-kyle-walker","tag-manchester-city","tag-pep-guardiola"],"_links":{"self":[{"href":"https:\/\/www.billigtrikotde.com\/sl\/wp-json\/wp\/v2\/posts\/20597","targetHints":{"allow":["GET"]}}],"collection":[{"href":"https:\/\/www.billigtrikotde.com\/sl\/wp-json\/wp\/v2\/posts"}],"about":[{"href":"https:\/\/www.billigtrikotde.com\/sl\/wp-json\/wp\/v2\/types\/post"}],"author":[{"embeddable":true,"href":"https:\/\/www.billigtrikotde.com\/sl\/wp-json\/wp\/v2\/users\/1"}],"replies":[{"embeddable":true,"href":"https:\/\/www.billigtrikotde.com\/sl\/wp-json\/wp\/v2\/comments?post=20597"}],"version-history":[{"count":1,"href":"https:\/\/www.billigtrikotde.com\/sl\/wp-json\/wp\/v2\/posts\/20597\/revisions"}],"predecessor-version":[{"id":20598,"href":"https:\/\/www.billigtrikotde.com\/sl\/wp-json\/wp\/v2\/posts\/20597\/revisions\/20598"}],"wp:featuredmedia":[{"embeddable":true,"href":"https:\/\/www.billigtrikotde.com\/sl\/wp-json\/wp\/v2\/media\/20599"}],"wp:attachment":[{"href":"https:\/\/www.billigtrikotde.com\/sl\/wp-json\/wp\/v2\/media?parent=20597"}],"wp:term":[{"taxonomy":"category","embeddable":true,"href":"https:\/\/www.billigtrikotde.com\/sl\/wp-json\/wp\/v2\/categories?post=20597"},{"taxonomy":"post_tag","embeddable":true,"href":"https:\/\/www.billigtrikotde.com\/sl\/wp-json\/wp\/v2\/tags?post=20597"}],"curies":[{"name":"wp","href":"https:\/\/api.w.org\/{rel}","templated":true}]}}