{"id":23211,"date":"2025-10-16T16:16:05","date_gmt":"2025-10-16T14:16:05","guid":{"rendered":"https:\/\/www.billigtrikotde.com\/?p=23211"},"modified":"2025-10-16T16:30:42","modified_gmt":"2025-10-16T14:30:42","slug":"kap-verde-offnete-die-tur-zur-weltmeisterschaft","status":"publish","type":"post","link":"https:\/\/www.billigtrikotde.com\/it\/kap-verde-offnete-die-tur-zur-weltmeisterschaft\/","title":{"rendered":"Capo Verde ha aperto le porte alla Coppa del Mondo"},"content":{"rendered":"<div data-elementor-type=\"wp-post\" data-elementor-id=\"23211\" class=\"elementor elementor-23211\" data-elementor-post-type=\"post\">\n\t\t\t\t<div class=\"elementor-element elementor-element-433a523c e-flex e-con-boxed e-con e-parent\" data-id=\"433a523c\" data-element_type=\"container\">\n\t\t\t\t\t<div class=\"e-con-inner\">\n\t\t\t\t<div class=\"elementor-element elementor-element-4037c5a4 elementor-widget elementor-widget-text-editor\" data-id=\"4037c5a4\" data-element_type=\"widget\" data-widget_type=\"text-editor.default\">\n\t\t\t\t<div class=\"elementor-widget-container\"><p>Quando l'arbitro fece lampeggiare la sirena, il punteggio era 3:0. Capo Verde batt\u00e9 Swaziland a casa e, vincendo il girone D, si assicur\u00f2 la prima qualificazione ai Mondiali. Lo stadio nazionale nella capitale capoverdiana Praia esplose di gioia.<\/p><p>Lo stadio da 15.000 spettatori fu subito travolto dalle maglie bianche e azzurre <a href=\"https:\/\/www.billigtrikotde.com\/it\/\"><strong>tutte le maglie di calcio<\/strong><\/a> I tifosi investirono le tribune per abbracciare e piangere con i giocatori. A quel momento il paese dell'Africa occidentale aveva aspettato 40 anni. Il sogno dello stato isola vulcanica di giocare a calcio divent\u00f2 realt\u00e0 sotto l'ovazione dello stadio da 15.000 spettatori.<\/p><\/div>\n\t\t\t\t<\/div>\n\t\t\t\t\t<\/div>\n\t\t\t\t<\/div>\n\t\t<div class=\"elementor-element elementor-element-571d377 e-flex e-con-boxed e-con e-parent\" data-id=\"571d377\" data-element_type=\"container\">\n\t\t\t\t\t<div class=\"e-con-inner\">\n\t\t\t\t<div class=\"elementor-element elementor-element-6bfc036 elementor-widget elementor-widget-heading\" data-id=\"6bfc036\" data-element_type=\"widget\" data-widget_type=\"heading.default\">\n\t\t\t\t<div class=\"elementor-widget-container\">\n\t\t\t\t\t<h3 class=\"elementor-heading-title elementor-size-default\">Una svolta storica<\/h3>\t\t\t\t<\/div>\n\t\t\t\t<\/div>\n\t\t\t\t\t<\/div>\n\t\t\t\t<\/div>\n\t\t<div class=\"elementor-element elementor-element-5d16113 e-flex e-con-boxed e-con e-parent\" data-id=\"5d16113\" data-element_type=\"container\">\n\t\t\t\t\t<div class=\"e-con-inner\">\n\t\t\t\t<div class=\"elementor-element elementor-element-4e77c5d elementor-widget elementor-widget-text-editor\" data-id=\"4e77c5d\" data-element_type=\"widget\" data-widget_type=\"text-editor.default\">\n\t\t\t\t<div class=\"elementor-widget-container\">\n\t\t\t\t\t\t\t\t\t<p>Nell'ultima partita del gruppo D delle qualificazioni africane, Capo Verde sfrutt\u00f2 la sua opportunit\u00e0.<\/p>\t\t\t\t\t\t\t\t<\/div>\n\t\t\t\t<\/div>\n\t\t\t\t\t<\/div>\n\t\t\t\t<\/div>\n\t\t<div class=\"elementor-element elementor-element-3c5118b e-flex e-con-boxed e-con e-parent\" data-id=\"3c5118b\" data-element_type=\"container\">\n\t\t\t\t\t<div class=\"e-con-inner\">\n\t\t\t\t<div class=\"elementor-element elementor-element-097f254 elementor-widget elementor-widget-text-editor\" data-id=\"097f254\" data-element_type=\"widget\" data-widget_type=\"text-editor.default\">\n\t\t\t\t<div class=\"elementor-widget-container\">\n\t\t\t\t\t\t\t\t\t<p>Contro Swaziland, fanalino di coda della classifica, la squadra segn\u00f2 tre gol nel secondo tempo in soli 47 secondi. Gol di Livramento, Semedo e Stopira provocarono la festa pi\u00f9 sfrenata in quel piccolo paese di 540.000 abitanti. Durante l'intera qualificazione Capo Verde registr\u00f2 un impressionante bilancio di sette vittorie, due pareggi e una sconfitta. Ancora pi\u00f9 impressionante fu che non prese goal in casa.<\/p>\t\t\t\t\t\t\t\t<\/div>\n\t\t\t\t<\/div>\n\t\t\t\t\t<\/div>\n\t\t\t\t<\/div>\n\t\t<div class=\"elementor-element elementor-element-861a181 e-flex e-con-boxed e-con e-parent\" data-id=\"861a181\" data-element_type=\"container\">\n\t\t\t\t\t<div class=\"e-con-inner\">\n\t\t\t\t<div class=\"elementor-element elementor-element-97afb44 elementor-widget elementor-widget-text-editor\" data-id=\"97afb44\" data-element_type=\"widget\" data-widget_type=\"text-editor.default\">\n\t\t\t\t<div class=\"elementor-widget-container\">\n\t\t\t\t\t\t\t\t\t<p>La squadra, attualmente al 70\u00b0 posto mondiale, pass\u00f2 direttamente al turno successivo come capolista del girone e sconfisse i leoni africani del Camerun, partecipanti otto volte ai Mondiali. Qui troverete <a href=\"https:\/\/www.billigtrikotde.com\/it\/\"><strong>magliette da calcio economiche<\/strong><\/a>!<\/p>\t\t\t\t\t\t\t\t<\/div>\n\t\t\t\t<\/div>\n\t\t\t\t\t<\/div>\n\t\t\t\t<\/div>\n\t\t<div class=\"elementor-element elementor-element-04ca15d e-flex e-con-boxed e-con e-parent\" data-id=\"04ca15d\" data-element_type=\"container\">\n\t\t\t\t\t<div class=\"e-con-inner\">\n\t\t\t\t<div class=\"elementor-element elementor-element-83a9fc7 elementor-widget elementor-widget-image\" data-id=\"83a9fc7\" data-element_type=\"widget\" data-widget_type=\"image.default\">\n\t\t\t\t<div class=\"elementor-widget-container\">\n\t\t\t\t\t\t\t\t\t\t\t\t\t\t\t\t<a href=\"https:\/\/www.billigtrikotde.com\/it\/\">\n\t\t\t\t\t\t\t<img fetchpriority=\"high\" decoding=\"async\" width=\"595\" height=\"304\" src=\"https:\/\/www.billigtrikotde.com\/wp-content\/uploads\/2025\/10\/kap-verde-offnete-die-tur-zur-weltmeisterschaft-1.webp\" class=\"attachment-large size-large wp-image-23214\" alt=\"Kap Verde \u00f6ffnete die T\u00fcr zur Weltmeisterschaft-1\" srcset=\"https:\/\/www.billigtrikotde.com\/wp-content\/uploads\/2025\/10\/kap-verde-offnete-die-tur-zur-weltmeisterschaft-1.webp 595w, https:\/\/www.billigtrikotde.com\/wp-content\/uploads\/2025\/10\/kap-verde-offnete-die-tur-zur-weltmeisterschaft-1-300x153.webp 300w, https:\/\/www.billigtrikotde.com\/wp-content\/uploads\/2025\/10\/kap-verde-offnete-die-tur-zur-weltmeisterschaft-1-18x9.webp 18w, https:\/\/www.billigtrikotde.com\/wp-content\/uploads\/2025\/10\/kap-verde-offnete-die-tur-zur-weltmeisterschaft-1-64x33.webp 64w\" sizes=\"(max-width: 595px) 100vw, 595px\" \/>\t\t\t\t\t\t\t\t<\/a>\n\t\t\t\t\t\t\t\t\t\t\t\t\t\t\t<\/div>\n\t\t\t\t<\/div>\n\t\t\t\t\t<\/div>\n\t\t\t\t<\/div>\n\t\t<div class=\"elementor-element elementor-element-4e7e980 e-flex e-con-boxed e-con e-parent\" data-id=\"4e7e980\" data-element_type=\"container\">\n\t\t\t\t\t<div class=\"e-con-inner\">\n\t\t\t\t<div class=\"elementor-element elementor-element-4909b13 elementor-widget elementor-widget-heading\" data-id=\"4909b13\" data-element_type=\"widget\" data-widget_type=\"heading.default\">\n\t\t\t\t<div class=\"elementor-widget-container\">\n\t\t\t\t\t<h3 class=\"elementor-heading-title elementor-size-default\">Un piccolo paese, grandi sogni\n\n\n\n<\/h3>\t\t\t\t<\/div>\n\t\t\t\t<\/div>\n\t\t\t\t\t<\/div>\n\t\t\t\t<\/div>\n\t\t<div class=\"elementor-element elementor-element-4e21c2f e-flex e-con-boxed e-con e-parent\" data-id=\"4e21c2f\" data-element_type=\"container\">\n\t\t\t\t\t<div class=\"e-con-inner\">\n\t\t\t\t<div class=\"elementor-element elementor-element-b7af736 elementor-widget elementor-widget-text-editor\" data-id=\"b7af736\" data-element_type=\"widget\" data-widget_type=\"text-editor.default\">\n\t\t\t\t<div class=\"elementor-widget-container\">\n\t\t\t\t\t\t\t\t\t<p>Capo Verde, con soli 540.000 abitanti, ha compiuto un miracolo nel calcio mondiale.<\/p>\t\t\t\t\t\t\t\t<\/div>\n\t\t\t\t<\/div>\n\t\t\t\t\t<\/div>\n\t\t\t\t<\/div>\n\t\t<div class=\"elementor-element elementor-element-7859841 e-flex e-con-boxed e-con e-parent\" data-id=\"7859841\" data-element_type=\"container\">\n\t\t\t\t\t<div class=\"e-con-inner\">\n\t\t\t\t<div class=\"elementor-element elementor-element-48214a7 elementor-widget elementor-widget-text-editor\" data-id=\"48214a7\" data-element_type=\"widget\" data-widget_type=\"text-editor.default\">\n\t\t\t\t<div class=\"elementor-widget-container\">\n\t\t\t\t\t\t\t\t\t<p>Capo Verde superer\u00e0 Trinidad e Tobago come la nazione partecipante pi\u00f9 piccola nella storia della Coppa del Mondo e, dopo Islanda nel 2018, sar\u00e0 anche la seconda pi\u00f9 piccola per popolazione.<\/p>\t\t\t\t\t\t\t\t<\/div>\n\t\t\t\t<\/div>\n\t\t\t\t\t<\/div>\n\t\t\t\t<\/div>\n\t\t<div class=\"elementor-element elementor-element-fde9c6b e-flex e-con-boxed e-con e-parent\" data-id=\"fde9c6b\" data-element_type=\"container\">\n\t\t\t\t\t<div class=\"e-con-inner\">\n\t\t\t\t<div class=\"elementor-element elementor-element-aa24677 elementor-widget elementor-widget-text-editor\" data-id=\"aa24677\" data-element_type=\"widget\" data-widget_type=\"text-editor.default\">\n\t\t\t\t<div class=\"elementor-widget-container\">\n\t\t\t\t\t\t\t\t\t<p>Per questa partita decisiva il governo capoverdiano dichiar\u00f2 una festa nazionale, che inizi\u00f2 alle 12:00 del giorno della partita, affinch\u00e9 tutti i cittadini potessero assistere insieme alla storia. Anche il presidente Neves partecip\u00f2 all'evento per sostenere la nazionale.<\/p>\t\t\t\t\t\t\t\t<\/div>\n\t\t\t\t<\/div>\n\t\t\t\t\t<\/div>\n\t\t\t\t<\/div>\n\t\t<div class=\"elementor-element elementor-element-c012f0e e-flex e-con-boxed e-con e-parent\" data-id=\"c012f0e\" data-element_type=\"container\">\n\t\t\t\t\t<div class=\"e-con-inner\">\n\t\t\t\t<div class=\"elementor-element elementor-element-fbf69da elementor-widget elementor-widget-heading\" data-id=\"fbf69da\" data-element_type=\"widget\" data-widget_type=\"heading.default\">\n\t\t\t\t<div class=\"elementor-widget-container\">\n\t\t\t\t\t<h3 class=\"elementor-heading-title elementor-size-default\">Un lungo cammino verso l'ascesa<\/h3>\t\t\t\t<\/div>\n\t\t\t\t<\/div>\n\t\t\t\t\t<\/div>\n\t\t\t\t<\/div>\n\t\t<div class=\"elementor-element elementor-element-de711d7 e-flex e-con-boxed e-con e-parent\" data-id=\"de711d7\" data-element_type=\"container\">\n\t\t\t\t\t<div class=\"e-con-inner\">\n\t\t\t\t<div class=\"elementor-element elementor-element-a72caba elementor-widget elementor-widget-text-editor\" data-id=\"a72caba\" data-element_type=\"widget\" data-widget_type=\"text-editor.default\">\n\t\t\t\t<div class=\"elementor-widget-container\">\n\t\t\t\t\t\t\t\t\t<p>La crescita del calcio capoverdiano non avvenne dall'oggi al domani. Capo Verde ottenne l'indipendenza nel 1975 dal dominio coloniale portoghese; la Federazione capoverdiana di calcio fu fondata nel 1982 e nel 1986 entr\u00f2 a far parte della FIFA.<\/p>\t\t\t\t\t\t\t\t<\/div>\n\t\t\t\t<\/div>\n\t\t\t\t\t<\/div>\n\t\t\t\t<\/div>\n\t\t<div class=\"elementor-element elementor-element-1217e61 e-flex e-con-boxed e-con e-parent\" data-id=\"1217e61\" data-element_type=\"container\">\n\t\t\t\t\t<div class=\"e-con-inner\">\n\t\t\t\t<div class=\"elementor-element elementor-element-3e9680b elementor-widget elementor-widget-text-editor\" data-id=\"3e9680b\" data-element_type=\"widget\" data-widget_type=\"text-editor.default\">\n\t\t\t\t<div class=\"elementor-widget-container\">\n\t\t\t\t\t\t\t\t\tPer molto tempo il calcio capoverdiano rimase largamente sconosciuto. Nel 2011 la squadra scese nella classifica mondiale fino alla posizione 162.\t\t\t\t\t\t\t\t<\/div>\n\t\t\t\t<\/div>\n\t\t\t\t\t<\/div>\n\t\t\t\t<\/div>\n\t\t<div class=\"elementor-element elementor-element-33ba443 e-flex e-con-boxed e-con e-parent\" data-id=\"33ba443\" data-element_type=\"container\">\n\t\t\t\t\t<div class=\"e-con-inner\">\n\t\t\t\t<div class=\"elementor-element elementor-element-058a150 elementor-widget elementor-widget-text-editor\" data-id=\"058a150\" data-element_type=\"widget\" data-widget_type=\"text-editor.default\">\n\t\t\t\t<div class=\"elementor-widget-container\">\n\t\t\t\t\t\t\t\t\t<p>Il punto di svolta arriv\u00f2 nel 2013, quando Capo Verde, alla sua prima partecipazione alla Coppa d'Africa, raggiunse i quarti di finale e attir\u00f2 l'attenzione della comunit\u00e0 calcistica internazionale sullo Stato atlantico.<\/p>\t\t\t\t\t\t\t\t<\/div>\n\t\t\t\t<\/div>\n\t\t\t\t\t<\/div>\n\t\t\t\t<\/div>\n\t\t<div class=\"elementor-element elementor-element-94c3428 e-flex e-con-boxed e-con e-parent\" data-id=\"94c3428\" data-element_type=\"container\">\n\t\t\t\t\t<div class=\"e-con-inner\">\n\t\t\t\t<div class=\"elementor-element elementor-element-bf36e2c elementor-widget elementor-widget-text-editor\" data-id=\"bf36e2c\" data-element_type=\"widget\" data-widget_type=\"text-editor.default\">\n\t\t\t\t<div class=\"elementor-widget-container\">\n\t\t\t\t\t\t\t\t\t<p>Alla Coppa d'Africa 2023 raggiunsero nuovamente i quarti di finale, perse l\u00ec ai rigori contro il Sudafrica e dimostrarono ancora una volta la loro impressionante forza.<\/p>\t\t\t\t\t\t\t\t<\/div>\n\t\t\t\t<\/div>\n\t\t\t\t\t<\/div>\n\t\t\t\t<\/div>\n\t\t<div class=\"elementor-element elementor-element-3818c54 e-flex e-con-boxed e-con e-parent\" data-id=\"3818c54\" data-element_type=\"container\">\n\t\t\t\t\t<div class=\"e-con-inner\">\n\t\t\t\t<div class=\"elementor-element elementor-element-cd06a23 elementor-widget elementor-widget-heading\" data-id=\"cd06a23\" data-element_type=\"widget\" data-widget_type=\"heading.default\">\n\t\t\t\t<div class=\"elementor-widget-container\">\n\t\t\t\t\t<h3 class=\"elementor-heading-title elementor-size-default\">Il potere dell'acquisizione di talenti all'estero<\/h3>\t\t\t\t<\/div>\n\t\t\t\t<\/div>\n\t\t\t\t\t<\/div>\n\t\t\t\t<\/div>\n\t\t<div class=\"elementor-element elementor-element-5240f10 e-flex e-con-boxed e-con e-parent\" data-id=\"5240f10\" data-element_type=\"container\">\n\t\t\t\t\t<div class=\"e-con-inner\">\n\t\t\t\t<div class=\"elementor-element elementor-element-b6d5481 elementor-widget elementor-widget-text-editor\" data-id=\"b6d5481\" data-element_type=\"widget\" data-widget_type=\"text-editor.default\">\n\t\t\t\t<div class=\"elementor-widget-container\">\n\t\t\t\t\t\t\t\t\t<p>Il segreto del successo del calcio capoverdiano risiede principalmente nella strategia di individuazione dei talenti all'estero.<\/p>\t\t\t\t\t\t\t\t<\/div>\n\t\t\t\t<\/div>\n\t\t\t\t\t<\/div>\n\t\t\t\t<\/div>\n\t\t<div class=\"elementor-element elementor-element-11df135 e-flex e-con-boxed e-con e-parent\" data-id=\"11df135\" data-element_type=\"container\">\n\t\t\t\t\t<div class=\"e-con-inner\">\n\t\t\t\t<div class=\"elementor-element elementor-element-3333934 elementor-widget elementor-widget-text-editor\" data-id=\"3333934\" data-element_type=\"widget\" data-widget_type=\"text-editor.default\">\n\t\t\t\t<div class=\"elementor-widget-container\">\n\t\t\t\t\t\t\t\t\t<p>La federazione capoverdiana di calcio cerca e recluta attivamente talenti all'interno della comunit\u00e0 capoverdiana mondiale. Molti emigranti vivono in paesi europei come Portogallo, Paesi Bassi e Francia, i cui discendenti ricevono sviluppo giovanile nelle leghe europee e avanzano nel calcio professionistico.<\/p>\t\t\t\t\t\t\t\t<\/div>\n\t\t\t\t<\/div>\n\t\t\t\t\t<\/div>\n\t\t\t\t<\/div>\n\t\t<div class=\"elementor-element elementor-element-0492fa8 e-flex e-con-boxed e-con e-parent\" data-id=\"0492fa8\" data-element_type=\"container\">\n\t\t\t\t\t<div class=\"e-con-inner\">\n\t\t\t\t<div class=\"elementor-element elementor-element-6f019c1 elementor-widget elementor-widget-text-editor\" data-id=\"6f019c1\" data-element_type=\"widget\" data-widget_type=\"text-editor.default\">\n\t\t\t\t<div class=\"elementor-widget-container\">\n\t\t\t\t\t\t\t\t\t<p>In questa partita di qualificazione al Mondiale, tutti i 25 giocatori capoverdiani militano in campionati esteri, 14 di loro sono nati all'estero. Questi giocatori costituiscono la spina dorsale della squadra e conferiscono al miracolo di questa piccola nazione la sua forza.<\/p>\t\t\t\t\t\t\t\t<\/div>\n\t\t\t\t<\/div>\n\t\t\t\t\t<\/div>\n\t\t\t\t<\/div>\n\t\t<div class=\"elementor-element elementor-element-1a48c61 e-flex e-con-boxed e-con e-parent\" data-id=\"1a48c61\" data-element_type=\"container\">\n\t\t\t\t\t<div class=\"e-con-inner\">\n\t\t\t\t<div class=\"elementor-element elementor-element-4112ce0 elementor-widget elementor-widget-image\" data-id=\"4112ce0\" data-element_type=\"widget\" data-widget_type=\"image.default\">\n\t\t\t\t<div class=\"elementor-widget-container\">\n\t\t\t\t\t\t\t\t\t\t\t\t\t\t\t<img decoding=\"async\" width=\"595\" height=\"397\" src=\"https:\/\/www.billigtrikotde.com\/wp-content\/uploads\/2025\/10\/kap-verde-offnete-die-tur-zur-weltmeisterschaft-2.webp\" class=\"attachment-large size-large wp-image-23215\" alt=\"Kap Verde \u00f6ffnete die T\u00fcr zur Weltmeisterschaft-2\" srcset=\"https:\/\/www.billigtrikotde.com\/wp-content\/uploads\/2025\/10\/kap-verde-offnete-die-tur-zur-weltmeisterschaft-2.webp 595w, https:\/\/www.billigtrikotde.com\/wp-content\/uploads\/2025\/10\/kap-verde-offnete-die-tur-zur-weltmeisterschaft-2-300x200.webp 300w, https:\/\/www.billigtrikotde.com\/wp-content\/uploads\/2025\/10\/kap-verde-offnete-die-tur-zur-weltmeisterschaft-2-18x12.webp 18w, https:\/\/www.billigtrikotde.com\/wp-content\/uploads\/2025\/10\/kap-verde-offnete-die-tur-zur-weltmeisterschaft-2-64x43.webp 64w\" sizes=\"(max-width: 595px) 100vw, 595px\" \/>\t\t\t\t\t\t\t\t\t\t\t\t\t\t\t<\/div>\n\t\t\t\t<\/div>\n\t\t\t\t\t<\/div>\n\t\t\t\t<\/div>\n\t\t<div class=\"elementor-element elementor-element-2797151 e-flex e-con-boxed e-con e-parent\" data-id=\"2797151\" data-element_type=\"container\">\n\t\t\t\t\t<div class=\"e-con-inner\">\n\t\t\t\t<div class=\"elementor-element elementor-element-b5dc397 elementor-widget elementor-widget-text-editor\" data-id=\"b5dc397\" data-element_type=\"widget\" data-widget_type=\"text-editor.default\">\n\t\t\t\t<div class=\"elementor-widget-container\">\n\t\t\t\t\t\t\t\t\t<p>Anche l'accordo di Cotonou tra l'UE e Capo Verde, firmato nel 2000, \u00e8 stato di grande aiuto, poich\u00e9 ha permesso ai giocatori capoverdiani di giocare nei campionati europei senza dover utilizzare quote fuori dall'UE, migliorando notevolmente le loro opportunit\u00e0 di sviluppo.<\/p>\t\t\t\t\t\t\t\t<\/div>\n\t\t\t\t<\/div>\n\t\t\t\t\t<\/div>\n\t\t\t\t<\/div>\n\t\t<div class=\"elementor-element elementor-element-6ebb0ba e-flex e-con-boxed e-con e-parent\" data-id=\"6ebb0ba\" data-element_type=\"container\">\n\t\t\t\t\t<div class=\"e-con-inner\">\n\t\t\t\t<div class=\"elementor-element elementor-element-042f11f elementor-widget elementor-widget-heading\" data-id=\"042f11f\" data-element_type=\"widget\" data-widget_type=\"heading.default\">\n\t\t\t\t<div class=\"elementor-widget-container\">\n\t\t\t\t\t<h3 class=\"elementor-heading-title elementor-size-default\">Calcio, una forza di unit\u00e0 nazionale<\/h3>\t\t\t\t<\/div>\n\t\t\t\t<\/div>\n\t\t\t\t\t<\/div>\n\t\t\t\t<\/div>\n\t\t<div class=\"elementor-element elementor-element-bc6579a e-flex e-con-boxed e-con e-parent\" data-id=\"bc6579a\" data-element_type=\"container\">\n\t\t\t\t\t<div class=\"e-con-inner\">\n\t\t\t\t<div class=\"elementor-element elementor-element-2c331d7 elementor-widget elementor-widget-text-editor\" data-id=\"2c331d7\" data-element_type=\"widget\" data-widget_type=\"text-editor.default\">\n\t\t\t\t<div class=\"elementor-widget-container\">\n\t\t\t\t\t\t\t\t\t<p>Capo Verde, composto da dieci isole vulcaniche, \u00e8 povero di risorse e ha un modello economico uniforme. Eppure il calcio \u00e8 diventato una potente forza di coesione per il paese.<\/p>\n<p>Quando la squadra parte per le partite, i tifosi affollano la strada verso l'aeroporto per salutarli. Quando si avvicinano partite importanti, la nazione \u00e8 allineata.<\/p>\n<p>Il difensore nazionale Lopez ha detto emotivamente: \u00abMio padre ha lasciato casa sua a 16 anni. Per i capoverdiani \u00e8 normale cercare opportunit\u00e0 all'estero. Ma se restiamo uniti, possiamo ottenere qualcosa di straordinario.\u00bb<\/p>\n<p>La qualificazione per il Mondiale non \u00e8 solo una prestazione sportiva, ma anche una prova di soft power nazionale. Poco prima del 50\u00b0 anniversario dell'indipendenza, Capo Verde ha dimostrato al mondo che anche i piccoli paesi possono realizzare grandi sogni.<\/p>\n<p><span class=\"HwtZe\" lang=\"de\">\u00a0<\/span><\/p>\t\t\t\t\t\t\t\t<\/div>\n\t\t\t\t<\/div>\n\t\t\t\t\t<\/div>\n\t\t\t\t<\/div>\n\t\t<div class=\"elementor-element elementor-element-5930dfb e-flex e-con-boxed e-con e-parent\" data-id=\"5930dfb\" data-element_type=\"container\">\n\t\t\t\t\t<div class=\"e-con-inner\">\n\t\t\t\t<div class=\"elementor-element elementor-element-7dfc6e2 elementor-widget elementor-widget-image\" data-id=\"7dfc6e2\" data-element_type=\"widget\" data-widget_type=\"image.default\">\n\t\t\t\t<div class=\"elementor-widget-container\">\n\t\t\t\t\t\t\t\t\t\t\t\t\t\t\t<img decoding=\"async\" width=\"595\" height=\"335\" src=\"https:\/\/www.billigtrikotde.com\/wp-content\/uploads\/2025\/10\/kap-verde-offnete-die-tur-zur-weltmeisterschaft-3.webp\" class=\"attachment-large size-large wp-image-23216\" alt=\"Kap Verde \u00f6ffnete die T\u00fcr zur Weltmeisterschaft-3\" srcset=\"https:\/\/www.billigtrikotde.com\/wp-content\/uploads\/2025\/10\/kap-verde-offnete-die-tur-zur-weltmeisterschaft-3.webp 595w, https:\/\/www.billigtrikotde.com\/wp-content\/uploads\/2025\/10\/kap-verde-offnete-die-tur-zur-weltmeisterschaft-3-300x169.webp 300w, https:\/\/www.billigtrikotde.com\/wp-content\/uploads\/2025\/10\/kap-verde-offnete-die-tur-zur-weltmeisterschaft-3-18x10.webp 18w, https:\/\/www.billigtrikotde.com\/wp-content\/uploads\/2025\/10\/kap-verde-offnete-die-tur-zur-weltmeisterschaft-3-64x36.webp 64w\" sizes=\"(max-width: 595px) 100vw, 595px\" \/>\t\t\t\t\t\t\t\t\t\t\t\t\t\t\t<\/div>\n\t\t\t\t<\/div>\n\t\t\t\t\t<\/div>\n\t\t\t\t<\/div>\n\t\t<div class=\"elementor-element elementor-element-451ec27 e-flex e-con-boxed e-con e-parent\" data-id=\"451ec27\" data-element_type=\"container\">\n\t\t\t\t\t<div class=\"e-con-inner\">\n\t\t\t\t<div class=\"elementor-element elementor-element-1353995 elementor-widget elementor-widget-heading\" data-id=\"1353995\" data-element_type=\"widget\" data-widget_type=\"heading.default\">\n\t\t\t\t<div class=\"elementor-widget-container\">\n\t\t\t\t\t<h3 class=\"elementor-heading-title elementor-size-default\">Chiusura<\/h3>\t\t\t\t<\/div>\n\t\t\t\t<\/div>\n\t\t\t\t\t<\/div>\n\t\t\t\t<\/div>\n\t\t<div class=\"elementor-element elementor-element-af2422c e-flex e-con-boxed e-con e-parent\" data-id=\"af2422c\" data-element_type=\"container\">\n\t\t\t\t\t<div class=\"e-con-inner\">\n\t\t\t\t<div class=\"elementor-element elementor-element-bbfa393 elementor-widget elementor-widget-text-editor\" data-id=\"bbfa393\" data-element_type=\"widget\" data-widget_type=\"text-editor.default\">\n\t\t\t\t<div class=\"elementor-widget-container\">\n\t\t\t\t\t\t\t\t\t<p>Capo Verde \u00e8 prevedibilmente in Gruppo 4 al FIFA World Cup 2026 a Citt\u00e0 del Messico, ma questa squadra del 'Squalo Blu' non giocher\u00e0 semplicemente.<\/p>\n<p>Il loro obiettivo \u00e8 ottenere almeno un punto o addirittura un pareggio contro una squadra di vertice. Come ha detto il capitano Pico L\u00f3pez: \u00abGiochiamo per l'intera isola.\u00bb<\/p>\n<p>Questo paese, composto da dieci isole vulcaniche e senza risorse, ha unito la sua popolazione attraverso il calcio.<\/p>\t\t\t\t\t\t\t\t<\/div>\n\t\t\t\t<\/div>\n\t\t\t\t\t<\/div>\n\t\t\t\t<\/div>\t\t<\/div>","protected":false},"excerpt":{"rendered":"<p>Als der Schiedsrichter abpfiff, stand es 3:0. Kap Verde besiegte Swasiland zu Hause und sicherte sich als Sieger der Gruppe D die erste WM-Qualifikation. Das Nationalstadion in der kapverdischen Hauptstadt Praia brach in Jubel aus. Das 15.000 Zuschauer fassende Stadion war sofort von den wei\u00df-blauen Fu\u00dfballtrikots \u00fcberw\u00e4ltigt. Fans str\u00f6mten von den Trib\u00fcnen auf das Spielfeld, [&hellip;]<\/p>","protected":false},"author":1,"featured_media":23212,"comment_status":"open","ping_status":"open","sticky":false,"template":"","format":"standard","meta":{"footnotes":""},"categories":[1],"tags":[],"class_list":["post-23211","post","type-post","status-publish","format-standard","has-post-thumbnail","hentry","category-allgemein"],"_links":{"self":[{"href":"https:\/\/www.billigtrikotde.com\/it\/wp-json\/wp\/v2\/posts\/23211","targetHints":{"allow":["GET"]}}],"collection":[{"href":"https:\/\/www.billigtrikotde.com\/it\/wp-json\/wp\/v2\/posts"}],"about":[{"href":"https:\/\/www.billigtrikotde.com\/it\/wp-json\/wp\/v2\/types\/post"}],"author":[{"embeddable":true,"href":"https:\/\/www.billigtrikotde.com\/it\/wp-json\/wp\/v2\/users\/1"}],"replies":[{"embeddable":true,"href":"https:\/\/www.billigtrikotde.com\/it\/wp-json\/wp\/v2\/comments?post=23211"}],"version-history":[{"count":7,"href":"https:\/\/www.billigtrikotde.com\/it\/wp-json\/wp\/v2\/posts\/23211\/revisions"}],"predecessor-version":[{"id":23222,"href":"https:\/\/www.billigtrikotde.com\/it\/wp-json\/wp\/v2\/posts\/23211\/revisions\/23222"}],"wp:featuredmedia":[{"embeddable":true,"href":"https:\/\/www.billigtrikotde.com\/it\/wp-json\/wp\/v2\/media\/23212"}],"wp:attachment":[{"href":"https:\/\/www.billigtrikotde.com\/it\/wp-json\/wp\/v2\/media?parent=23211"}],"wp:term":[{"taxonomy":"category","embeddable":true,"href":"https:\/\/www.billigtrikotde.com\/it\/wp-json\/wp\/v2\/categories?post=23211"},{"taxonomy":"post_tag","embeddable":true,"href":"https:\/\/www.billigtrikotde.com\/it\/wp-json\/wp\/v2\/tags?post=23211"}],"curies":[{"name":"wp","href":"https:\/\/api.w.org\/{rel}","templated":true}]}}