{"id":21836,"date":"2025-05-14T15:08:10","date_gmt":"2025-05-14T13:08:10","guid":{"rendered":"https:\/\/www.billigtrikotde.com\/?p=21836"},"modified":"2025-05-14T15:08:14","modified_gmt":"2025-05-14T13:08:14","slug":"rodrygo-weigert-sich-fuer-real-madrid-zu-spielen","status":"publish","type":"post","link":"https:\/\/www.billigtrikotde.com\/it\/rodrygo-weigert-sich-fuer-real-madrid-zu-spielen\/","title":{"rendered":"Rodrygo si rifiuta di giocare per Real Madrid"},"content":{"rendered":"<p>Real Madrids St\u00fcrmer Rodrygo weigerte sich, im <strong><a href=\"https:\/\/www.billigtrikotde.com\/it\/real-madrid\/\" data-type=\"link\" data-id=\"https:\/\/www.billigtrikotde.com\/real-madrid\/\">Maglia del Real Madrid<\/a><\/strong> zu spielen, weil er mit seiner taktischen Position unzufrieden war. Dieser Vorfall spiegelt das seit langem bestehende Ungleichgewicht in der Aufstellung des Vereins wider. Von der \u00fcberf\u00fcllten Angriffslinie \u00fcber das Chaos im Mittelfeld bis hin zu den L\u00fccken in der Abwehr zahlt Real Madrid den Preis f\u00fcr die Transferstrategie des Managements.<\/p><h2 class=\"wp-block-heading\">Rodrygos Opfer und Ausgrenzung<\/h2><p>Als Vertreter der neuen Generation brasilianischer Fl\u00fcgelspieler ist Rodrygo gut darin, auf der linken Seite durchzubrechen und wichtige B\u00e4lle zu kontrollieren. Um sich jedoch an die Taktik von Real Madrid anzupassen, wurde er lange Zeit auf die rechte Seite verlegt. Er musste sogar Mbapp\u00e9 und Vinicius weichen.<\/p><p>Seine Bilanz von 13 Toren und 10 Vorlagen in dieser Saison ist beeindruckend, doch er hat vier Monate in Folge kein Ligator erzielt, und seine Form schwankt stark.<\/p><figure class=\"wp-block-image size-full\"><img fetchpriority=\"high\" decoding=\"async\" width=\"595\" height=\"446\" src=\"https:\/\/www.billigtrikotde.com\/wp-content\/uploads\/2025\/05\/Real-Madrid-Rodrygo.webp\" alt=\"Real Madrid Rodrygo\" class=\"wp-image-21837\" srcset=\"https:\/\/www.billigtrikotde.com\/wp-content\/uploads\/2025\/05\/Real-Madrid-Rodrygo.webp 595w, https:\/\/www.billigtrikotde.com\/wp-content\/uploads\/2025\/05\/Real-Madrid-Rodrygo-300x225.webp 300w, https:\/\/www.billigtrikotde.com\/wp-content\/uploads\/2025\/05\/Real-Madrid-Rodrygo-16x12.webp 16w, https:\/\/www.billigtrikotde.com\/wp-content\/uploads\/2025\/05\/Real-Madrid-Rodrygo-64x48.webp 64w\" sizes=\"(max-width: 595px) 100vw, 595px\" \/><\/figure><p>Was ihn noch mehr entt\u00e4uschte, war die mediale Fokussierung auf Stars wie Mbapp\u00e9. Sein Beitrag wurde wiederholt ignoriert, und dass er nicht f\u00fcr den Golden Globe nominiert wurde, versch\u00e4rfte diesen Widerspruch noch weiter.<\/p><h2 class=\"wp-block-heading\">Die Nebenwirkungen der Versammlung der Frontcourt-Superstars von Real Madrid<\/h2><p>Nach Mbappes Wechsel versch\u00e4rfte sich der Konkurrenzkampf in der Angriffslinie von Real Madrid. Vinicius besetzte den linken Fl\u00fcgel, Mbapp\u00e9 hatte freie Hand im linken Mittelfeld. Rodrygo musste sich auf der rechten Seite \u201eabsichern\u201c, was Durchbruchs- und Schussm\u00f6glichkeiten einschr\u00e4nkte.<\/p><p>Positions\u00fcberschneidungen erschwerten Synergieeffekte und versch\u00e4rften den Widerspruch in der Ballverteilung. Das Management verfolgte blind den kommerziellen Wert, ignorierte die Anpassungsf\u00e4higkeit der Aufstellung und opferte letztlich die pers\u00f6nliche Entwicklung der Spieler.<\/p><h2 class=\"wp-block-heading\">Im Mittelfeld verloren<\/h2><p>Real Madrids Mittelfeldproblem ist ebenso akut. Nach Kroos\u2018 R\u00fccktritt fehlte der Mannschaft ein organisatorischer Kern. Camavinga und Bellingham verletzten sich h\u00e4ufig. Das provisorische Mittelfeldpaar hatte eine schwache Ballkontrolle und eine ungeordnete Abwehr.<\/p><figure class=\"wp-block-image size-full\"><img decoding=\"async\" width=\"595\" height=\"335\" src=\"https:\/\/www.billigtrikotde.com\/wp-content\/uploads\/2025\/05\/Real-Madrid-Rodrygo-1.webp\" alt=\"Real Madrid Rodrygo-1\" class=\"wp-image-21838\" srcset=\"https:\/\/www.billigtrikotde.com\/wp-content\/uploads\/2025\/05\/Real-Madrid-Rodrygo-1.webp 595w, https:\/\/www.billigtrikotde.com\/wp-content\/uploads\/2025\/05\/Real-Madrid-Rodrygo-1-300x169.webp 300w, https:\/\/www.billigtrikotde.com\/wp-content\/uploads\/2025\/05\/Real-Madrid-Rodrygo-1-18x10.webp 18w, https:\/\/www.billigtrikotde.com\/wp-content\/uploads\/2025\/05\/Real-Madrid-Rodrygo-1-64x36.webp 64w\" sizes=\"(max-width: 595px) 100vw, 595px\" \/><\/figure><h2 class=\"wp-block-heading\">Abwehrkrise: Fataler Fehler in der Transferstrategie<\/h2><p>Florentino konzentrierte sich in den letzten Jahren auf die Verpflichtung von Free Agents und Angreifern und vernachl\u00e4ssigte den Aufbau der Abwehrreihe. Veteranen wie R\u00fcdiger und Alaba verletzten sich h\u00e4ufig, und Nachwuchsspieler mussten in Krisenzeiten Aufgaben \u00fcbernehmen. Die Abwehrreihe im Nationalderby ist voller Schwachstellen.<\/p><p>Im Sommertransferfenster 2024 gab Real Madrid 80 Millionen Euro f\u00fcr Enderrick aus, verzichtete jedoch auf die Verst\u00e4rkung des Innenverteidigers, was letztendlich die Gefahr eines Zusammenbruchs birgt. Diese \u201eoffensive und defensive leichte\u201c Strategie entspricht genau der von 2003 und ist zum Scheitern verurteilt.<\/p><h2 class=\"wp-block-heading\">Systematische Anpassungen stehen bevor<\/h2><p>Der Rodrygo-Vorfall ist kein Einzelfall. Wenn Real Madrid weiterhin auf Superstar-Stacking setzt und die Ausgewogenheit der Aufstellung ignoriert, werden Konflikte in der Kabine und Leistungsschwankungen zur Normalit\u00e4t.<\/p><p>Die Mannschaft muss die \u201eBusiness First\u201c-Mentalit\u00e4t aufgeben, Mittelfeld und R\u00fcckraum gezielt st\u00e4rken und jungen Spielern klare Entwicklungspfade er\u00f6ffnen.<\/p><p>Schlie\u00dflich beruht der Ruhm der Trikots von Real Madrid nicht auf den Namen von Superstars, sondern auf den elf Spielern auf dem Platz, die in gleichfarbigen <strong><a href=\"https:\/\/www.billigtrikotde.com\/it\/\" data-type=\"link\" data-id=\"https:\/\/www.billigtrikotde.com\/\">Maglie a buon mercato<\/a><\/strong> zusammenarbeiten und stillschweigend kooperieren.<\/p>","protected":false},"excerpt":{"rendered":"<p>L'attaccante del Real Madrid Rodrygo si rifiut\u00f2 di indossare la maglia del Real Madrid, perch\u00e9 era scontento della sua posizione tattica. Questo incidente riflette lo squilibrio da tempo presente nella formazione della societ\u00e0. Dalla linea d'attacco sovraffollata al caos a centrocampo fino alle lacune in difesa, Real Madrid paga il [\u2026]<\/p>","protected":false},"author":1,"featured_media":21839,"comment_status":"open","ping_status":"open","sticky":false,"template":"","format":"standard","meta":{"footnotes":""},"categories":[1425],"tags":[1394,1426],"class_list":["post-21836","post","type-post","status-publish","format-standard","has-post-thumbnail","hentry","category-real-madrid-trikot","tag-billige-trikots","tag-real-madrid-trikot"],"_links":{"self":[{"href":"https:\/\/www.billigtrikotde.com\/it\/wp-json\/wp\/v2\/posts\/21836","targetHints":{"allow":["GET"]}}],"collection":[{"href":"https:\/\/www.billigtrikotde.com\/it\/wp-json\/wp\/v2\/posts"}],"about":[{"href":"https:\/\/www.billigtrikotde.com\/it\/wp-json\/wp\/v2\/types\/post"}],"author":[{"embeddable":true,"href":"https:\/\/www.billigtrikotde.com\/it\/wp-json\/wp\/v2\/users\/1"}],"replies":[{"embeddable":true,"href":"https:\/\/www.billigtrikotde.com\/it\/wp-json\/wp\/v2\/comments?post=21836"}],"version-history":[{"count":1,"href":"https:\/\/www.billigtrikotde.com\/it\/wp-json\/wp\/v2\/posts\/21836\/revisions"}],"predecessor-version":[{"id":21840,"href":"https:\/\/www.billigtrikotde.com\/it\/wp-json\/wp\/v2\/posts\/21836\/revisions\/21840"}],"wp:featuredmedia":[{"embeddable":true,"href":"https:\/\/www.billigtrikotde.com\/it\/wp-json\/wp\/v2\/media\/21839"}],"wp:attachment":[{"href":"https:\/\/www.billigtrikotde.com\/it\/wp-json\/wp\/v2\/media?parent=21836"}],"wp:term":[{"taxonomy":"category","embeddable":true,"href":"https:\/\/www.billigtrikotde.com\/it\/wp-json\/wp\/v2\/categories?post=21836"},{"taxonomy":"post_tag","embeddable":true,"href":"https:\/\/www.billigtrikotde.com\/it\/wp-json\/wp\/v2\/tags?post=21836"}],"curies":[{"name":"wp","href":"https:\/\/api.w.org\/{rel}","templated":true}]}}