{"id":23211,"date":"2025-10-16T16:16:05","date_gmt":"2025-10-16T14:16:05","guid":{"rendered":"https:\/\/www.billigtrikotde.com\/?p=23211"},"modified":"2025-10-16T16:30:42","modified_gmt":"2025-10-16T14:30:42","slug":"kap-verde-offnete-die-tur-zur-weltmeisterschaft","status":"publish","type":"post","link":"https:\/\/www.billigtrikotde.com\/hr\/kap-verde-offnete-die-tur-zur-weltmeisterschaft\/","title":{"rendered":"Kap Verde otvorio vrata svjetskom prvenstvu"},"content":{"rendered":"<div data-elementor-type=\"wp-post\" data-elementor-id=\"23211\" class=\"elementor elementor-23211\" data-elementor-post-type=\"post\">\n\t\t\t\t<div class=\"elementor-element elementor-element-433a523c e-flex e-con-boxed e-con e-parent\" data-id=\"433a523c\" data-element_type=\"container\">\n\t\t\t\t\t<div class=\"e-con-inner\">\n\t\t\t\t<div class=\"elementor-element elementor-element-4037c5a4 elementor-widget elementor-widget-text-editor\" data-id=\"4037c5a4\" data-element_type=\"widget\" data-widget_type=\"text-editor.default\">\n\t\t\t\t<div class=\"elementor-widget-container\"><p>Kad je sudac zavr\u0161io sviraju\u0107i, rezultat je bio 3:0. Kap Verde je pobijedio Svazilanda kod ku\u0107e i kao prvak skupine D osigurao je svoju prvu svjetsku kvalifikaciju. Nacionalni stadion u prijestolnici Praia, Kap Verd, eksplodirao je u aplauzu.<\/p><p>Bilo je odmah preplavljeno stadionom s 15.000 gledatelja bijelo-plavim <a href=\"https:\/\/www.billigtrikotde.com\/hr\/\"><strong>nogometnim dresovima<\/strong><\/a> ogalisko su navija\u010di s tribina preplavili travnjak, zagrlili su i plakala su s igra\u010dima. Na ovaj trenutak \u010dekala je zapadnoafri\u010dka zemlja 40 godina. San vulkanskog oto\u010dja, igranje nogometa, postao je stvarnost pod bujnom pjesmom stadiona koji prima 15.000 gledatelja.<\/p><\/div>\n\t\t\t\t<\/div>\n\t\t\t\t\t<\/div>\n\t\t\t\t<\/div>\n\t\t<div class=\"elementor-element elementor-element-571d377 e-flex e-con-boxed e-con e-parent\" data-id=\"571d377\" data-element_type=\"container\">\n\t\t\t\t\t<div class=\"e-con-inner\">\n\t\t\t\t<div class=\"elementor-element elementor-element-6bfc036 elementor-widget elementor-widget-heading\" data-id=\"6bfc036\" data-element_type=\"widget\" data-widget_type=\"heading.default\">\n\t\t\t\t<div class=\"elementor-widget-container\">\n\t\t\t\t\t<h3 class=\"elementor-heading-title elementor-size-default\">Povijesni proboj<\/h3>\t\t\t\t<\/div>\n\t\t\t\t<\/div>\n\t\t\t\t\t<\/div>\n\t\t\t\t<\/div>\n\t\t<div class=\"elementor-element elementor-element-5d16113 e-flex e-con-boxed e-con e-parent\" data-id=\"5d16113\" data-element_type=\"container\">\n\t\t\t\t\t<div class=\"e-con-inner\">\n\t\t\t\t<div class=\"elementor-element elementor-element-4e77c5d elementor-widget elementor-widget-text-editor\" data-id=\"4e77c5d\" data-element_type=\"widget\" data-widget_type=\"text-editor.default\">\n\t\t\t\t<div class=\"elementor-widget-container\">\n\t\t\t\t\t\t\t\t\t<p>U posljednjoj utakmici skupine D kvalifikacija za Afriku, Kap Verde iskoristio je svoju priliku.<\/p>\t\t\t\t\t\t\t\t<\/div>\n\t\t\t\t<\/div>\n\t\t\t\t\t<\/div>\n\t\t\t\t<\/div>\n\t\t<div class=\"elementor-element elementor-element-3c5118b e-flex e-con-boxed e-con e-parent\" data-id=\"3c5118b\" data-element_type=\"container\">\n\t\t\t\t\t<div class=\"e-con-inner\">\n\t\t\t\t<div class=\"elementor-element elementor-element-097f254 elementor-widget elementor-widget-text-editor\" data-id=\"097f254\" data-element_type=\"widget\" data-widget_type=\"text-editor.default\">\n\t\t\t\t<div class=\"elementor-widget-container\">\n\t\t\t\t\t\t\t\t\t<p>Protiv Svazilanda, zadnjeg na tablici, mom\u010dad je u drugom poluvremenu u samo 47 sekundi postigla tri pogotka. Pogoci Livramento, Semedo i Stopira izazvali su najradosnije slavlje u zemlji od 540.000 stanovnika od 50. godi\u0161njice njegove neovisnosti. Tijekom cijele kvalifikacije Kap Verde je postigao impresivan bilans od sedam pobjeda, dva nerije\u0161ena rezultata i jedan poraz. Jo\u0161 impresivnije je to \u0161to kod ku\u0107e nisu primili pogodak.<\/p>\t\t\t\t\t\t\t\t<\/div>\n\t\t\t\t<\/div>\n\t\t\t\t\t<\/div>\n\t\t\t\t<\/div>\n\t\t<div class=\"elementor-element elementor-element-861a181 e-flex e-con-boxed e-con e-parent\" data-id=\"861a181\" data-element_type=\"container\">\n\t\t\t\t\t<div class=\"e-con-inner\">\n\t\t\t\t<div class=\"elementor-element elementor-element-97afb44 elementor-widget elementor-widget-text-editor\" data-id=\"97afb44\" data-element_type=\"widget\" data-widget_type=\"text-editor.default\">\n\t\t\t\t<div class=\"elementor-widget-container\">\n\t\t\t\t\t\t\t\t\t<p>Mom\u010dad, koja se svjetski nalazi tek na 70. mjestu, direktno je pro\u0161la u sljede\u0107u rundu kao vode\u0107a u grupi i pobijedila Kamerun, lions of Africa, s osam nastupa na Svjetskom prvenstvu. Ovdje se nalazi <a href=\"https:\/\/www.billigtrikotde.com\/hr\/\"><strong>povoljne nogometne dresove<\/strong><\/a>!<\/p>\t\t\t\t\t\t\t\t<\/div>\n\t\t\t\t<\/div>\n\t\t\t\t\t<\/div>\n\t\t\t\t<\/div>\n\t\t<div class=\"elementor-element elementor-element-04ca15d e-flex e-con-boxed e-con e-parent\" data-id=\"04ca15d\" data-element_type=\"container\">\n\t\t\t\t\t<div class=\"e-con-inner\">\n\t\t\t\t<div class=\"elementor-element elementor-element-83a9fc7 elementor-widget elementor-widget-image\" data-id=\"83a9fc7\" data-element_type=\"widget\" data-widget_type=\"image.default\">\n\t\t\t\t<div class=\"elementor-widget-container\">\n\t\t\t\t\t\t\t\t\t\t\t\t\t\t\t\t<a href=\"https:\/\/www.billigtrikotde.com\/hr\/\">\n\t\t\t\t\t\t\t<img fetchpriority=\"high\" decoding=\"async\" width=\"595\" height=\"304\" src=\"https:\/\/www.billigtrikotde.com\/wp-content\/uploads\/2025\/10\/kap-verde-offnete-die-tur-zur-weltmeisterschaft-1.webp\" class=\"attachment-large size-large wp-image-23214\" alt=\"Kap Verde \u00f6ffnete die T\u00fcr zur Weltmeisterschaft-1\" srcset=\"https:\/\/www.billigtrikotde.com\/wp-content\/uploads\/2025\/10\/kap-verde-offnete-die-tur-zur-weltmeisterschaft-1.webp 595w, https:\/\/www.billigtrikotde.com\/wp-content\/uploads\/2025\/10\/kap-verde-offnete-die-tur-zur-weltmeisterschaft-1-300x153.webp 300w, https:\/\/www.billigtrikotde.com\/wp-content\/uploads\/2025\/10\/kap-verde-offnete-die-tur-zur-weltmeisterschaft-1-18x9.webp 18w, https:\/\/www.billigtrikotde.com\/wp-content\/uploads\/2025\/10\/kap-verde-offnete-die-tur-zur-weltmeisterschaft-1-64x33.webp 64w\" sizes=\"(max-width: 595px) 100vw, 595px\" \/>\t\t\t\t\t\t\t\t<\/a>\n\t\t\t\t\t\t\t\t\t\t\t\t\t\t\t<\/div>\n\t\t\t\t<\/div>\n\t\t\t\t\t<\/div>\n\t\t\t\t<\/div>\n\t\t<div class=\"elementor-element elementor-element-4e7e980 e-flex e-con-boxed e-con e-parent\" data-id=\"4e7e980\" data-element_type=\"container\">\n\t\t\t\t\t<div class=\"e-con-inner\">\n\t\t\t\t<div class=\"elementor-element elementor-element-4909b13 elementor-widget elementor-widget-heading\" data-id=\"4909b13\" data-element_type=\"widget\" data-widget_type=\"heading.default\">\n\t\t\t\t<div class=\"elementor-widget-container\">\n\t\t\t\t\t<h3 class=\"elementor-heading-title elementor-size-default\">Mala zemlja, velike snove\n\n\n\n<\/h3>\t\t\t\t<\/div>\n\t\t\t\t<\/div>\n\t\t\t\t\t<\/div>\n\t\t\t\t<\/div>\n\t\t<div class=\"elementor-element elementor-element-4e21c2f e-flex e-con-boxed e-con e-parent\" data-id=\"4e21c2f\" data-element_type=\"container\">\n\t\t\t\t\t<div class=\"e-con-inner\">\n\t\t\t\t<div class=\"elementor-element elementor-element-b7af736 elementor-widget elementor-widget-text-editor\" data-id=\"b7af736\" data-element_type=\"widget\" data-widget_type=\"text-editor.default\">\n\t\t\t\t<div class=\"elementor-widget-container\">\n\t\t\t\t\t\t\t\t\t<p>Kap Verde, s samo 540.000 stanovnika, postigao je \u010dudesno \u010dudo u svjetskom nogometu.<\/p>\t\t\t\t\t\t\t\t<\/div>\n\t\t\t\t<\/div>\n\t\t\t\t\t<\/div>\n\t\t\t\t<\/div>\n\t\t<div class=\"elementor-element elementor-element-7859841 e-flex e-con-boxed e-con e-parent\" data-id=\"7859841\" data-element_type=\"container\">\n\t\t\t\t\t<div class=\"e-con-inner\">\n\t\t\t\t<div class=\"elementor-element elementor-element-48214a7 elementor-widget elementor-widget-text-editor\" data-id=\"48214a7\" data-element_type=\"widget\" data-widget_type=\"text-editor.default\">\n\t\t\t\t<div class=\"elementor-widget-container\">\n\t\t\t\t\t\t\t\t\t<p>Kap Verde \u0107e zamijeniti Trininad i Tobago kao najmanje sudionike u povijesti Svjetskog nogometa i 2018. nakon Islanda bit \u0107e i druga najmanja po broju stanovnika.<\/p>\t\t\t\t\t\t\t\t<\/div>\n\t\t\t\t<\/div>\n\t\t\t\t\t<\/div>\n\t\t\t\t<\/div>\n\t\t<div class=\"elementor-element elementor-element-fde9c6b e-flex e-con-boxed e-con e-parent\" data-id=\"fde9c6b\" data-element_type=\"container\">\n\t\t\t\t\t<div class=\"e-con-inner\">\n\t\t\t\t<div class=\"elementor-element elementor-element-aa24677 elementor-widget elementor-widget-text-editor\" data-id=\"aa24677\" data-element_type=\"widget\" data-widget_type=\"text-editor.default\">\n\t\t\t\t<div class=\"elementor-widget-container\">\n\t\t\t\t\t\t\t\t\t<p>Za ovu odlu\u010duju\u0107u utakmicu vlada Kap Verdskog naroda proglasila je nacionalni praznik, koji je po\u010deo u 12:00 sati na dan utakmice, kako bi svi gra\u0111ani zajedno prisustvovali povijesti. Predsjednik Neves tako\u0111er je prisustvovao doga\u0111aju kako bi ohrabrio nacionalnu mom\u010dad.<\/p>\t\t\t\t\t\t\t\t<\/div>\n\t\t\t\t<\/div>\n\t\t\t\t\t<\/div>\n\t\t\t\t<\/div>\n\t\t<div class=\"elementor-element elementor-element-c012f0e e-flex e-con-boxed e-con e-parent\" data-id=\"c012f0e\" data-element_type=\"container\">\n\t\t\t\t\t<div class=\"e-con-inner\">\n\t\t\t\t<div class=\"elementor-element elementor-element-fbf69da elementor-widget elementor-widget-heading\" data-id=\"fbf69da\" data-element_type=\"widget\" data-widget_type=\"heading.default\">\n\t\t\t\t<div class=\"elementor-widget-container\">\n\t\t\t\t\t<h3 class=\"elementor-heading-title elementor-size-default\">Dugi put prema usponu<\/h3>\t\t\t\t<\/div>\n\t\t\t\t<\/div>\n\t\t\t\t\t<\/div>\n\t\t\t\t<\/div>\n\t\t<div class=\"elementor-element elementor-element-de711d7 e-flex e-con-boxed e-con e-parent\" data-id=\"de711d7\" data-element_type=\"container\">\n\t\t\t\t\t<div class=\"e-con-inner\">\n\t\t\t\t<div class=\"elementor-element elementor-element-a72caba elementor-widget elementor-widget-text-editor\" data-id=\"a72caba\" data-element_type=\"widget\" data-widget_type=\"text-editor.default\">\n\t\t\t\t<div class=\"elementor-widget-container\">\n\t\t\t\t\t\t\t\t\t<p>Uspon kapverdske nogometne scene nije se dogodio preko no\u0107i. Kap Verde je 1975. stekao neovisnost od portugalske kolonijalne vlasti, kapverdski nogometni savez osnovan je 1982. i pridru\u017eio se FIFA 1986.<\/p>\t\t\t\t\t\t\t\t<\/div>\n\t\t\t\t<\/div>\n\t\t\t\t\t<\/div>\n\t\t\t\t<\/div>\n\t\t<div class=\"elementor-element elementor-element-1217e61 e-flex e-con-boxed e-con e-parent\" data-id=\"1217e61\" data-element_type=\"container\">\n\t\t\t\t\t<div class=\"e-con-inner\">\n\t\t\t\t<div class=\"elementor-element elementor-element-3e9680b elementor-widget elementor-widget-text-editor\" data-id=\"3e9680b\" data-element_type=\"widget\" data-widget_type=\"text-editor.default\">\n\t\t\t\t<div class=\"elementor-widget-container\">\n\t\t\t\t\t\t\t\t\tDugo je vrijeme kapverdski nogomet bio rijetko poznat. 2011. mom\u010dad se spustila na 162. mjesto na svjetskoj ljestvici.\t\t\t\t\t\t\t\t<\/div>\n\t\t\t\t<\/div>\n\t\t\t\t\t<\/div>\n\t\t\t\t<\/div>\n\t\t<div class=\"elementor-element elementor-element-33ba443 e-flex e-con-boxed e-con e-parent\" data-id=\"33ba443\" data-element_type=\"container\">\n\t\t\t\t\t<div class=\"e-con-inner\">\n\t\t\t\t<div class=\"elementor-element elementor-element-058a150 elementor-widget elementor-widget-text-editor\" data-id=\"058a150\" data-element_type=\"widget\" data-widget_type=\"text-editor.default\">\n\t\t\t\t<div class=\"elementor-widget-container\">\n\t\t\t\t\t\t\t\t\t<p>Prekretnica je do\u0161la 2013., kada je Kap Verde do\u017eivio \u010detvrtfinale na svom prvom nastupu na Afri\u010dkom kupu nacija i time privukao pa\u017enju me\u0111unarodne nogometne zajednice na atlantsku oto\u010dnu dr\u017eavu.<\/p>\t\t\t\t\t\t\t\t<\/div>\n\t\t\t\t<\/div>\n\t\t\t\t\t<\/div>\n\t\t\t\t<\/div>\n\t\t<div class=\"elementor-element elementor-element-94c3428 e-flex e-con-boxed e-con e-parent\" data-id=\"94c3428\" data-element_type=\"container\">\n\t\t\t\t\t<div class=\"e-con-inner\">\n\t\t\t\t<div class=\"elementor-element elementor-element-bf36e2c elementor-widget elementor-widget-text-editor\" data-id=\"bf36e2c\" data-element_type=\"widget\" data-widget_type=\"text-editor.default\">\n\t\t\t\t<div class=\"elementor-widget-container\">\n\t\t\t\t\t\t\t\t\t<p>Na Afri\u010dkom kupu nacija 2023. ponovno su do\u0161li do \u010detvrt-finala, izgubili su u jedanaestercima od Ju\u017ene Afrike i time pokazali svoju impresivnu snagu.<\/p>\t\t\t\t\t\t\t\t<\/div>\n\t\t\t\t<\/div>\n\t\t\t\t\t<\/div>\n\t\t\t\t<\/div>\n\t\t<div class=\"elementor-element elementor-element-3818c54 e-flex e-con-boxed e-con e-parent\" data-id=\"3818c54\" data-element_type=\"container\">\n\t\t\t\t\t<div class=\"e-con-inner\">\n\t\t\t\t<div class=\"elementor-element elementor-element-cd06a23 elementor-widget elementor-widget-heading\" data-id=\"cd06a23\" data-element_type=\"widget\" data-widget_type=\"heading.default\">\n\t\t\t\t<div class=\"elementor-widget-container\">\n\t\t\t\t\t<h3 class=\"elementor-heading-title elementor-size-default\">Snaga zapo\u0161ljavanja ljudi u inozemstvu<\/h3>\t\t\t\t<\/div>\n\t\t\t\t<\/div>\n\t\t\t\t\t<\/div>\n\t\t\t\t<\/div>\n\t\t<div class=\"elementor-element elementor-element-5240f10 e-flex e-con-boxed e-con e-parent\" data-id=\"5240f10\" data-element_type=\"container\">\n\t\t\t\t\t<div class=\"e-con-inner\">\n\t\t\t\t<div class=\"elementor-element elementor-element-b6d5481 elementor-widget elementor-widget-text-editor\" data-id=\"b6d5481\" data-element_type=\"widget\" data-widget_type=\"text-editor.default\">\n\t\t\t\t<div class=\"elementor-widget-container\">\n\t\t\t\t\t\t\t\t\t<p>Tajno uspjeha kapverdskog nogometa prvenstveno le\u017ei u strategiji privla\u010denja talenata iz inozemstva.<\/p>\t\t\t\t\t\t\t\t<\/div>\n\t\t\t\t<\/div>\n\t\t\t\t\t<\/div>\n\t\t\t\t<\/div>\n\t\t<div class=\"elementor-element elementor-element-11df135 e-flex e-con-boxed e-con e-parent\" data-id=\"11df135\" data-element_type=\"container\">\n\t\t\t\t\t<div class=\"e-con-inner\">\n\t\t\t\t<div class=\"elementor-element elementor-element-3333934 elementor-widget elementor-widget-text-editor\" data-id=\"3333934\" data-element_type=\"widget\" data-widget_type=\"text-editor.default\">\n\t\t\t\t<div class=\"elementor-widget-container\">\n\t\t\t\t\t\t\t\t\t<p>Kapverdijski nogometni savez aktivno tra\u017ei i regrutira talente unutar kapverdijske zajednice diljem svijeta. Mnogi iseljenici \u017eive u europskim zemljama poput Portugala, Nizozemske i Francuske, njihovi potomci dobivaju potporu za razvoj mladih u euro\u0161kolama i napreduju u profesionalni nogomet.<\/p>\t\t\t\t\t\t\t\t<\/div>\n\t\t\t\t<\/div>\n\t\t\t\t\t<\/div>\n\t\t\t\t<\/div>\n\t\t<div class=\"elementor-element elementor-element-0492fa8 e-flex e-con-boxed e-con e-parent\" data-id=\"0492fa8\" data-element_type=\"container\">\n\t\t\t\t\t<div class=\"e-con-inner\">\n\t\t\t\t<div class=\"elementor-element elementor-element-6f019c1 elementor-widget elementor-widget-text-editor\" data-id=\"6f019c1\" data-element_type=\"widget\" data-widget_type=\"text-editor.default\">\n\t\t\t\t<div class=\"elementor-widget-container\">\n\t\t\t\t\t\t\t\t\t<p>U ovome kvalifikacijskom susretu za Svjetsko prvenstvo svih 25 kapverdijskih igra\u010da dolazi iz stranih liga, njih 14 ro\u0111eno je u inozemstvu. Ti igra\u010di \u010dine okosnicu mom\u010dadi i daju snagu \u010dudu ove male nacije.<\/p>\t\t\t\t\t\t\t\t<\/div>\n\t\t\t\t<\/div>\n\t\t\t\t\t<\/div>\n\t\t\t\t<\/div>\n\t\t<div class=\"elementor-element elementor-element-1a48c61 e-flex e-con-boxed e-con e-parent\" data-id=\"1a48c61\" data-element_type=\"container\">\n\t\t\t\t\t<div class=\"e-con-inner\">\n\t\t\t\t<div class=\"elementor-element elementor-element-4112ce0 elementor-widget elementor-widget-image\" data-id=\"4112ce0\" data-element_type=\"widget\" data-widget_type=\"image.default\">\n\t\t\t\t<div class=\"elementor-widget-container\">\n\t\t\t\t\t\t\t\t\t\t\t\t\t\t\t<img decoding=\"async\" width=\"595\" height=\"397\" src=\"https:\/\/www.billigtrikotde.com\/wp-content\/uploads\/2025\/10\/kap-verde-offnete-die-tur-zur-weltmeisterschaft-2.webp\" class=\"attachment-large size-large wp-image-23215\" alt=\"Kap Verde \u00f6ffnete die T\u00fcr zur Weltmeisterschaft-2\" srcset=\"https:\/\/www.billigtrikotde.com\/wp-content\/uploads\/2025\/10\/kap-verde-offnete-die-tur-zur-weltmeisterschaft-2.webp 595w, https:\/\/www.billigtrikotde.com\/wp-content\/uploads\/2025\/10\/kap-verde-offnete-die-tur-zur-weltmeisterschaft-2-300x200.webp 300w, https:\/\/www.billigtrikotde.com\/wp-content\/uploads\/2025\/10\/kap-verde-offnete-die-tur-zur-weltmeisterschaft-2-18x12.webp 18w, https:\/\/www.billigtrikotde.com\/wp-content\/uploads\/2025\/10\/kap-verde-offnete-die-tur-zur-weltmeisterschaft-2-64x43.webp 64w\" sizes=\"(max-width: 595px) 100vw, 595px\" \/>\t\t\t\t\t\t\t\t\t\t\t\t\t\t\t<\/div>\n\t\t\t\t<\/div>\n\t\t\t\t\t<\/div>\n\t\t\t\t<\/div>\n\t\t<div class=\"elementor-element elementor-element-2797151 e-flex e-con-boxed e-con e-parent\" data-id=\"2797151\" data-element_type=\"container\">\n\t\t\t\t\t<div class=\"e-con-inner\">\n\t\t\t\t<div class=\"elementor-element elementor-element-b5dc397 elementor-widget elementor-widget-text-editor\" data-id=\"b5dc397\" data-element_type=\"widget\" data-widget_type=\"text-editor.default\">\n\t\t\t\t<div class=\"elementor-widget-container\">\n\t\t\t\t\t\t\t\t\t<p>Cotonou sporazum, potpisan 2000. izme\u0111u EU-a i Kap Verd\u0430, tako\u0111er je bio velika pomo\u0107 jer je kapverdskim igra\u010dima omogu\u0107io da igraju u europskim ligama bez kori\u0161tenja quota izvan EU-a, \u0161to je njihovu razvojnu priliku znatno pobolj\u0161alo.<\/p>\t\t\t\t\t\t\t\t<\/div>\n\t\t\t\t<\/div>\n\t\t\t\t\t<\/div>\n\t\t\t\t<\/div>\n\t\t<div class=\"elementor-element elementor-element-6ebb0ba e-flex e-con-boxed e-con e-parent\" data-id=\"6ebb0ba\" data-element_type=\"container\">\n\t\t\t\t\t<div class=\"e-con-inner\">\n\t\t\t\t<div class=\"elementor-element elementor-element-042f11f elementor-widget elementor-widget-heading\" data-id=\"042f11f\" data-element_type=\"widget\" data-widget_type=\"heading.default\">\n\t\t\t\t<div class=\"elementor-widget-container\">\n\t\t\t\t\t<h3 class=\"elementor-heading-title elementor-size-default\">Nogomet, nacionalna jedinstvena snaga<\/h3>\t\t\t\t<\/div>\n\t\t\t\t<\/div>\n\t\t\t\t\t<\/div>\n\t\t\t\t<\/div>\n\t\t<div class=\"elementor-element elementor-element-bc6579a e-flex e-con-boxed e-con e-parent\" data-id=\"bc6579a\" data-element_type=\"container\">\n\t\t\t\t\t<div class=\"e-con-inner\">\n\t\t\t\t<div class=\"elementor-element elementor-element-2c331d7 elementor-widget elementor-widget-text-editor\" data-id=\"2c331d7\" data-element_type=\"widget\" data-widget_type=\"text-editor.default\">\n\t\t\t\t<div class=\"elementor-widget-container\">\n\t\t\t\t\t\t\t\t\t<p>Kap Verde, sastavljen od deset vulkanskih otoka, siroma\u0161an je izvorima i ima jedinstven gospodarski model. Ipak, nogomet je postao sna\u017ena jedinstvena snaga za ovu zemlju.<\/p>\n<p>Kad mom\u010dad krene na utakmice, navija\u010di su\u0161aju uli\u010dice prema zra\u010dnoj luci kako bi se oprostili. Kad dolaze va\u017eni susreti, nacija je u skladu.<\/p>\n<p>Obiteljski branitelj Lopez emocionalno je rekao: \u201eMoj je otac napustio dom sa 16 godina. Za Kaperve\u0111ane normalno je i\u0107i u inozemstvo u potrazi za prilikama. Ali ako ostanemo zajedno, mo\u017eemo posti\u0107i izvanredne stvari.\u201c<\/p>\n<p>Kvalifikacije za Svjetsko prvenstvo nisu samo sportsko postignu\u0107e, ve\u0107 i dokaz nacionalne soft power. Blizu 50. obljetnice neovisnosti Kap Verde je svijetu dokazao da i male zemlje mogu ostvariti velike snove.<\/p>\n<p><span class=\"HwtZe\" lang=\"de\">\u00a0<\/span><\/p>\t\t\t\t\t\t\t\t<\/div>\n\t\t\t\t<\/div>\n\t\t\t\t\t<\/div>\n\t\t\t\t<\/div>\n\t\t<div class=\"elementor-element elementor-element-5930dfb e-flex e-con-boxed e-con e-parent\" data-id=\"5930dfb\" data-element_type=\"container\">\n\t\t\t\t\t<div class=\"e-con-inner\">\n\t\t\t\t<div class=\"elementor-element elementor-element-7dfc6e2 elementor-widget elementor-widget-image\" data-id=\"7dfc6e2\" data-element_type=\"widget\" data-widget_type=\"image.default\">\n\t\t\t\t<div class=\"elementor-widget-container\">\n\t\t\t\t\t\t\t\t\t\t\t\t\t\t\t<img decoding=\"async\" width=\"595\" height=\"335\" src=\"https:\/\/www.billigtrikotde.com\/wp-content\/uploads\/2025\/10\/kap-verde-offnete-die-tur-zur-weltmeisterschaft-3.webp\" class=\"attachment-large size-large wp-image-23216\" alt=\"Kap Verde \u00f6ffnete die T\u00fcr zur Weltmeisterschaft-3\" srcset=\"https:\/\/www.billigtrikotde.com\/wp-content\/uploads\/2025\/10\/kap-verde-offnete-die-tur-zur-weltmeisterschaft-3.webp 595w, https:\/\/www.billigtrikotde.com\/wp-content\/uploads\/2025\/10\/kap-verde-offnete-die-tur-zur-weltmeisterschaft-3-300x169.webp 300w, https:\/\/www.billigtrikotde.com\/wp-content\/uploads\/2025\/10\/kap-verde-offnete-die-tur-zur-weltmeisterschaft-3-18x10.webp 18w, https:\/\/www.billigtrikotde.com\/wp-content\/uploads\/2025\/10\/kap-verde-offnete-die-tur-zur-weltmeisterschaft-3-64x36.webp 64w\" sizes=\"(max-width: 595px) 100vw, 595px\" \/>\t\t\t\t\t\t\t\t\t\t\t\t\t\t\t<\/div>\n\t\t\t\t<\/div>\n\t\t\t\t\t<\/div>\n\t\t\t\t<\/div>\n\t\t<div class=\"elementor-element elementor-element-451ec27 e-flex e-con-boxed e-con e-parent\" data-id=\"451ec27\" data-element_type=\"container\">\n\t\t\t\t\t<div class=\"e-con-inner\">\n\t\t\t\t<div class=\"elementor-element elementor-element-1353995 elementor-widget elementor-widget-heading\" data-id=\"1353995\" data-element_type=\"widget\" data-widget_type=\"heading.default\">\n\t\t\t\t<div class=\"elementor-widget-container\">\n\t\t\t\t\t<h3 class=\"elementor-heading-title elementor-size-default\">Zaklju\u010dak<\/h3>\t\t\t\t<\/div>\n\t\t\t\t<\/div>\n\t\t\t\t\t<\/div>\n\t\t\t\t<\/div>\n\t\t<div class=\"elementor-element elementor-element-af2422c e-flex e-con-boxed e-con e-parent\" data-id=\"af2422c\" data-element_type=\"container\">\n\t\t\t\t\t<div class=\"e-con-inner\">\n\t\t\t\t<div class=\"elementor-element elementor-element-bbfa393 elementor-widget elementor-widget-text-editor\" data-id=\"bbfa393\" data-element_type=\"widget\" data-widget_type=\"text-editor.default\">\n\t\t\t\t<div class=\"elementor-widget-container\">\n\t\t\t\t\t\t\t\t\t<p>Kap Verde \u0107e vjerojatno u \u017eutom \u017eutom bubnju 4 biti u FIFA-inoj Svjetskom nogometnom prvenstvu 2026. u Meksiku, ali ovaj \u201c Plavi morski pas \u201d-tim ne\u0107e samo igrati.<\/p>\n<p>Njihov cilj je osvojiti najmanje bod ili \u010dak nerije\u0161eno protiv vrhunskih mom\u010dadi. Kako je kapetan Pico L\u00f3pez rekao: \u201eIgorp za cijeli otok.\u201c<\/p>\n<p>Ova zemlja, sastavljena od deset vulkanskih otoka i bez resursa, ujedinila je svoje stanovni\u0161tvo nogometom.<\/p>\t\t\t\t\t\t\t\t<\/div>\n\t\t\t\t<\/div>\n\t\t\t\t\t<\/div>\n\t\t\t\t<\/div>\t\t<\/div>","protected":false},"excerpt":{"rendered":"<p>Als der Schiedsrichter abpfiff, stand es 3:0. Kap Verde besiegte Swasiland zu Hause und sicherte sich als Sieger der Gruppe D die erste WM-Qualifikation. Das Nationalstadion in der kapverdischen Hauptstadt Praia brach in Jubel aus. Das 15.000 Zuschauer fassende Stadion war sofort von den wei\u00df-blauen Fu\u00dfballtrikots \u00fcberw\u00e4ltigt. Fans str\u00f6mten von den Trib\u00fcnen auf das Spielfeld, [&hellip;]<\/p>","protected":false},"author":1,"featured_media":23212,"comment_status":"open","ping_status":"open","sticky":false,"template":"","format":"standard","meta":{"footnotes":""},"categories":[1],"tags":[],"class_list":["post-23211","post","type-post","status-publish","format-standard","has-post-thumbnail","hentry","category-allgemein"],"_links":{"self":[{"href":"https:\/\/www.billigtrikotde.com\/hr\/wp-json\/wp\/v2\/posts\/23211","targetHints":{"allow":["GET"]}}],"collection":[{"href":"https:\/\/www.billigtrikotde.com\/hr\/wp-json\/wp\/v2\/posts"}],"about":[{"href":"https:\/\/www.billigtrikotde.com\/hr\/wp-json\/wp\/v2\/types\/post"}],"author":[{"embeddable":true,"href":"https:\/\/www.billigtrikotde.com\/hr\/wp-json\/wp\/v2\/users\/1"}],"replies":[{"embeddable":true,"href":"https:\/\/www.billigtrikotde.com\/hr\/wp-json\/wp\/v2\/comments?post=23211"}],"version-history":[{"count":7,"href":"https:\/\/www.billigtrikotde.com\/hr\/wp-json\/wp\/v2\/posts\/23211\/revisions"}],"predecessor-version":[{"id":23222,"href":"https:\/\/www.billigtrikotde.com\/hr\/wp-json\/wp\/v2\/posts\/23211\/revisions\/23222"}],"wp:featuredmedia":[{"embeddable":true,"href":"https:\/\/www.billigtrikotde.com\/hr\/wp-json\/wp\/v2\/media\/23212"}],"wp:attachment":[{"href":"https:\/\/www.billigtrikotde.com\/hr\/wp-json\/wp\/v2\/media?parent=23211"}],"wp:term":[{"taxonomy":"category","embeddable":true,"href":"https:\/\/www.billigtrikotde.com\/hr\/wp-json\/wp\/v2\/categories?post=23211"},{"taxonomy":"post_tag","embeddable":true,"href":"https:\/\/www.billigtrikotde.com\/hr\/wp-json\/wp\/v2\/tags?post=23211"}],"curies":[{"name":"wp","href":"https:\/\/api.w.org\/{rel}","templated":true}]}}