{"id":22191,"date":"2025-06-23T16:17:58","date_gmt":"2025-06-23T14:17:58","guid":{"rendered":"https:\/\/www.billigtrikotde.com\/?p=22191"},"modified":"2025-06-23T16:34:58","modified_gmt":"2025-06-23T14:34:58","slug":"neues-real-madrid-auswaertstrikot","status":"publish","type":"post","link":"https:\/\/www.billigtrikotde.com\/hr\/neues-real-madrid-auswaertstrikot\/","title":{"rendered":"Novi gostuju\u0107i dres Real Madrid"},"content":{"rendered":"<p>Izvanredna dres Real Madrida 2025\/26 uglavnom je u dubokoj no\u0107noj plavi. U usporedbi s ja\u0161njom svijetlo-sivom ili grafitno plavom u posljednjim godinama, boja je ovog puta dublja i odi\u0161e dahom mira i sve\u010danosti.<\/p><h2 class=\"wp-block-heading\">Izvor inspiracije<\/h2><p>Boja je inspirirana nebom koje se probija tijekom no\u0107ne utakmice na Bernab\u00e9u i predstavlja jedinstvenu atmosferu tog trenutka. Blagosloveni srebrni logotip i ulo\u017eene zelene linije na dresu odra\u017eavaju izgled metalnog pro\u010delja i travnjaka stadiona.<\/p><figure class=\"wp-block-image size-full\"><img fetchpriority=\"high\" decoding=\"async\" width=\"420\" height=\"420\" src=\"https:\/\/www.billigtrikotde.com\/wp-content\/uploads\/2025\/06\/neues-real-madrid-auswaertstrikot.webp\" alt=\"Neues Real Madrid Ausw\u00e4rtstrikot\" class=\"wp-image-22193\" srcset=\"https:\/\/www.billigtrikotde.com\/wp-content\/uploads\/2025\/06\/neues-real-madrid-auswaertstrikot.webp 420w, https:\/\/www.billigtrikotde.com\/wp-content\/uploads\/2025\/06\/neues-real-madrid-auswaertstrikot-300x300.webp 300w, https:\/\/www.billigtrikotde.com\/wp-content\/uploads\/2025\/06\/neues-real-madrid-auswaertstrikot-150x150.webp 150w, https:\/\/www.billigtrikotde.com\/wp-content\/uploads\/2025\/06\/neues-real-madrid-auswaertstrikot-12x12.webp 12w, https:\/\/www.billigtrikotde.com\/wp-content\/uploads\/2025\/06\/neues-real-madrid-auswaertstrikot-100x100.webp 100w, https:\/\/www.billigtrikotde.com\/wp-content\/uploads\/2025\/06\/neues-real-madrid-auswaertstrikot-64x64.webp 64w\" sizes=\"(max-width: 420px) 100vw, 420px\" \/><\/figure><h2 class=\"wp-block-heading\">Tekstura i krojni detalji su oda klasici<\/h2><p>Dres koristi predlo\u017eak \u201eTiro 25\u201c i klasi\u010dni dizajn golmanskog ovratnika koji vu\u010de korijene iz optimizirane krojenja sezone 2006\/07.<\/p><figure class=\"wp-block-image size-full is-resized\"><img decoding=\"async\" width=\"595\" height=\"335\" src=\"https:\/\/www.billigtrikotde.com\/wp-content\/uploads\/2025\/06\/neues-real-madrid-auswaertstrikot.-1.webp\" alt=\"Neues Real Madrid Ausw\u00e4rtstrikot-1\" class=\"wp-image-22195\" style=\"width:607px;height:auto\" srcset=\"https:\/\/www.billigtrikotde.com\/wp-content\/uploads\/2025\/06\/neues-real-madrid-auswaertstrikot.-1.webp 595w, https:\/\/www.billigtrikotde.com\/wp-content\/uploads\/2025\/06\/neues-real-madrid-auswaertstrikot.-1-300x169.webp 300w, https:\/\/www.billigtrikotde.com\/wp-content\/uploads\/2025\/06\/neues-real-madrid-auswaertstrikot.-1-18x10.webp 18w, https:\/\/www.billigtrikotde.com\/wp-content\/uploads\/2025\/06\/neues-real-madrid-auswaertstrikot.-1-64x36.webp 64w\" sizes=\"(max-width: 595px) 100vw, 595px\" \/><\/figure><p><br>Posebno treba naglasiti horizontalnu teksturu \u201eBernab\u00e9u fasade\u201c u detalju, koju ponavljaju tanke linije na tkanini. Ona je dekorativna i blago reljefna, \u0161to pobolj\u0161ava izgled i daje <strong><em><a href=\"https:\/\/www.billigtrikotde.com\/hr\/\" data-type=\"link\" data-id=\"https:\/\/www.billigtrikotde.com\/\">fudbalski dres jeftin<\/a><\/em><\/strong> vi\u0161e strukture.<\/p><p>Zelene pruge na ramenima i bo\u010dnim \u0161avovima su i prakti\u010dne i tehnolo\u0161ke, sli\u010dne afterglowu rasvjete igrali\u0161ta. Ova inovativna boja fanovi zovu i \u201eNakonsvjetlo no\u0107i\u201c.<\/p><h2 class=\"wp-block-heading\">Tehnolo\u0161ko unaprje\u0111enje<\/h2><p>Istodobno \u0107e se uvesti nove tkanine i prozra\u010dni postupci kako bi igra\u010di ostali mirni u vru\u0107im ili visokointenzitetnim doga\u0111ajima. Najva\u017eniji tehni\u010dki materijali adidas \u2013 visoka elasti\u010dnost, visoka prozirnost, brzo su\u0161enje i mala te\u017eina, dopunjeni mre\u017eastom strukturom \u2013 nagla\u0161avaju sportsko performanse i transparentan komfor za svakodnevnu upotrebu.<\/p><h2 class=\"wp-block-heading\">Klasi\u010dna reprodukcija, trajni osje\u0107aji<\/h2><p>Ovaj gostuju\u0107i dres nadovezuje se na tamnoplavu boju dresa sezone 2012\/13, \u0161to se mo\u017ee nazvati klasi\u010dnim redizajnom.<\/p><figure class=\"wp-block-image size-full\"><img decoding=\"async\" width=\"595\" height=\"388\" src=\"https:\/\/www.billigtrikotde.com\/wp-content\/uploads\/2025\/06\/neues-real-madrid-auswaertstrikot-2.webp\" alt=\"Neues Real Madrid Ausw\u00e4rtstrikot-2\" class=\"wp-image-22196\" srcset=\"https:\/\/www.billigtrikotde.com\/wp-content\/uploads\/2025\/06\/neues-real-madrid-auswaertstrikot-2.webp 595w, https:\/\/www.billigtrikotde.com\/wp-content\/uploads\/2025\/06\/neues-real-madrid-auswaertstrikot-2-300x196.webp 300w, https:\/\/www.billigtrikotde.com\/wp-content\/uploads\/2025\/06\/neues-real-madrid-auswaertstrikot-2-18x12.webp 18w, https:\/\/www.billigtrikotde.com\/wp-content\/uploads\/2025\/06\/neues-real-madrid-auswaertstrikot-2-64x42.webp 64w\" sizes=\"(max-width: 595px) 100vw, 595px\" \/><\/figure><p>Izrez i otvori ramena podsje\u0107aju navija\u010de na dizajn ovratnika FC Arsenala u kasnim 2000-ima i po\u010detkom 2010-ih, izazivaju\u0107i nostalgiju za \u201eBeckhamovom erom\u201c. Ovo je zajedni\u010dka uspomena jedne generacije navija\u010da i omogu\u0107uje novom <strong><em><a href=\"https:\/\/www.billigtrikotde.com\/hr\/oznaka-proizvoda\/real-madrid-trikot\/\" data-type=\"link\" data-id=\"https:\/\/www.billigtrikotde.com\/produkt-schlagwort\/real-madrid-trikot\/\">Real Madrid dres<\/a><\/em><\/strong>, uspostaviti ravnote\u017eu izme\u0111u modernosti i tradicije.<\/p><h2 class=\"wp-block-heading\">Tr\u017ei\u0161na povratna informacija<\/h2><p>Iako su ve\u0107ina platformi uglavnom pozitivno ocijenile i dizajn hvale zbog \u201esavr\u0161ene strukture no\u0107nih scena\u201c i \u201edetalja koji odaju po\u010dast Bernab\u00e9u\u201c, neki su navija\u010di na dru\u0161tvenim platformama izrazili zabrinutost ili \u010dak odbacivanje. U recenzijama nakon otvaranja paketa nalazili su se glasovi poput \u201emalo pre mra\u010dan\u201c i \u201ejednak kao i na slu\u017ebenoj utakmici na gostovanju\u201c.<\/p><p>Op\u0107enito, prihva\u0107enost gostuju\u0107eg dresa me\u0111u navija\u010dima visoka je. Ne cijene samo njegovu ljepotu, ve\u0107 se raduju njegovom debiju u klju\u010dnim utakmicama nove sezone.<\/p><h2 class=\"wp-block-heading\">Sa\u017eetak i pogled unaprijed<\/h2><p>Za navija\u010de Real Madrida ova gostuju\u0107a majica nije samo modni dodatak, ve\u0107 i izraz povijesnih osje\u0107aja. Ne predstavlja samo borbeni duh na terenu, ve\u0107 i \u201eno\u0107ni borbeni duh\u201c mom\u010dadskog duha i sje\u0107anja navija\u010da.<\/p><p>Slobodno podijelite svoje misli u odjeljku za komentare. Mislite li da je ova \u201eno\u0107no plava\u201c dovoljno kul? Postoje li detalji koji vam se svi\u0111aju? Koliko biste bodova dodijelili da je nosite? Veselim se va\u0161em mi\u0161ljenju!<\/p>","protected":false},"excerpt":{"rendered":"<p>Das Ausw\u00e4rtstrikot 2025\/26 von Real Madrid ist haupts\u00e4chlich in tiefem Nachtblau gehalten. Im Vergleich zum helleren Hellgrau oder Grafitblau der letzten Jahre ist die Farbe diesmal tiefer und strahlt einen Hauch von Ruhe und Feierlichkeit aus. Quelle der Inspiration Die Farbgebung ist inspiriert vom Himmel, der w\u00e4hrend eines Nachtspiels im Bernab\u00e9u-Stadion hereinbricht, und stellt die [\u2026]<\/p>","protected":false},"author":1,"featured_media":22199,"comment_status":"open","ping_status":"open","sticky":false,"template":"","format":"standard","meta":{"footnotes":""},"categories":[1425,1544],"tags":[1543,1426],"class_list":["post-22191","post","type-post","status-publish","format-standard","has-post-thumbnail","hentry","category-real-madrid-trikot","category-fussballtrikots-billig","tag-fussballtrikots-billig","tag-real-madrid-trikot"],"_links":{"self":[{"href":"https:\/\/www.billigtrikotde.com\/hr\/wp-json\/wp\/v2\/posts\/22191","targetHints":{"allow":["GET"]}}],"collection":[{"href":"https:\/\/www.billigtrikotde.com\/hr\/wp-json\/wp\/v2\/posts"}],"about":[{"href":"https:\/\/www.billigtrikotde.com\/hr\/wp-json\/wp\/v2\/types\/post"}],"author":[{"embeddable":true,"href":"https:\/\/www.billigtrikotde.com\/hr\/wp-json\/wp\/v2\/users\/1"}],"replies":[{"embeddable":true,"href":"https:\/\/www.billigtrikotde.com\/hr\/wp-json\/wp\/v2\/comments?post=22191"}],"version-history":[{"count":3,"href":"https:\/\/www.billigtrikotde.com\/hr\/wp-json\/wp\/v2\/posts\/22191\/revisions"}],"predecessor-version":[{"id":22200,"href":"https:\/\/www.billigtrikotde.com\/hr\/wp-json\/wp\/v2\/posts\/22191\/revisions\/22200"}],"wp:featuredmedia":[{"embeddable":true,"href":"https:\/\/www.billigtrikotde.com\/hr\/wp-json\/wp\/v2\/media\/22199"}],"wp:attachment":[{"href":"https:\/\/www.billigtrikotde.com\/hr\/wp-json\/wp\/v2\/media?parent=22191"}],"wp:term":[{"taxonomy":"category","embeddable":true,"href":"https:\/\/www.billigtrikotde.com\/hr\/wp-json\/wp\/v2\/categories?post=22191"},{"taxonomy":"post_tag","embeddable":true,"href":"https:\/\/www.billigtrikotde.com\/hr\/wp-json\/wp\/v2\/tags?post=22191"}],"curies":[{"name":"wp","href":"https:\/\/api.w.org\/{rel}","templated":true}]}}