{"id":23211,"date":"2025-10-16T16:16:05","date_gmt":"2025-10-16T14:16:05","guid":{"rendered":"https:\/\/www.billigtrikotde.com\/?p=23211"},"modified":"2025-10-16T16:30:42","modified_gmt":"2025-10-16T14:30:42","slug":"kap-verde-offnete-die-tur-zur-weltmeisterschaft","status":"publish","type":"post","link":"https:\/\/www.billigtrikotde.com\/fr\/kap-verde-offnete-die-tur-zur-weltmeisterschaft\/","title":{"rendered":"Le Cap-Vert a ouvert les portes de la Coupe du monde"},"content":{"rendered":"<div data-elementor-type=\"wp-post\" data-elementor-id=\"23211\" class=\"elementor elementor-23211\" data-elementor-post-type=\"post\">\n\t\t\t\t<div class=\"elementor-element elementor-element-433a523c e-flex e-con-boxed e-con e-parent\" data-id=\"433a523c\" data-element_type=\"container\">\n\t\t\t\t\t<div class=\"e-con-inner\">\n\t\t\t\t<div class=\"elementor-element elementor-element-4037c5a4 elementor-widget elementor-widget-text-editor\" data-id=\"4037c5a4\" data-element_type=\"widget\" data-widget_type=\"text-editor.default\">\n\t\t\t\t<div class=\"elementor-widget-container\"><p>Lorsque l\u2019arbitre a siffl\u00e9 la fin du match, le score \u00e9tait de 3:0. Le Cap-Vert a battu Swaziland \u00e0 domicile et s\u2019est assur\u00e9, en tant que vainqueur du groupe D, la premi\u00e8re qualification pour la Coupe du Monde. Le Stade National dans la capitale capverdienne Praia a \u00e9clat\u00e9 de joie.<\/p><p>Le stade d\u2019une capacit\u00e9 de 15 000 spectateurs \u00e9tait tout de suite submerg\u00e9 par les maillots de football bleu et blanc <a href=\"https:\/\/www.billigtrikotde.com\/fr\/\"><strong>Fu\u00dfballtrikots<\/strong><\/a> Les fans se sont r\u00e9pandus des tribunes sur le terrain pour embrasser et pleurer avec les joueurs. \u00c0 ce moment-l\u00e0, ce pays d\u2019Afrique de l\u2019Ouest avait attendu quarante ans. Le r\u00eave de l\u2019\u00c9tat insulaire volcanique de jouer au football devenait r\u00e9alit\u00e9 sous les acclamations du stade qui pouvait accueillir 15 000 spectateurs.<\/p><\/div>\n\t\t\t\t<\/div>\n\t\t\t\t\t<\/div>\n\t\t\t\t<\/div>\n\t\t<div class=\"elementor-element elementor-element-571d377 e-flex e-con-boxed e-con e-parent\" data-id=\"571d377\" data-element_type=\"container\">\n\t\t\t\t\t<div class=\"e-con-inner\">\n\t\t\t\t<div class=\"elementor-element elementor-element-6bfc036 elementor-widget elementor-widget-heading\" data-id=\"6bfc036\" data-element_type=\"widget\" data-widget_type=\"heading.default\">\n\t\t\t\t<div class=\"elementor-widget-container\">\n\t\t\t\t\t<h3 class=\"elementor-heading-title elementor-size-default\">Une perc\u00e9e historique<\/h3>\t\t\t\t<\/div>\n\t\t\t\t<\/div>\n\t\t\t\t\t<\/div>\n\t\t\t\t<\/div>\n\t\t<div class=\"elementor-element elementor-element-5d16113 e-flex e-con-boxed e-con e-parent\" data-id=\"5d16113\" data-element_type=\"container\">\n\t\t\t\t\t<div class=\"e-con-inner\">\n\t\t\t\t<div class=\"elementor-element elementor-element-4e77c5d elementor-widget elementor-widget-text-editor\" data-id=\"4e77c5d\" data-element_type=\"widget\" data-widget_type=\"text-editor.default\">\n\t\t\t\t<div class=\"elementor-widget-container\">\n\t\t\t\t\t\t\t\t\t<p>Lors du dernier match du groupe D des qualifications africaines, le Cap-Vert a saisi sa chance.<\/p>\t\t\t\t\t\t\t\t<\/div>\n\t\t\t\t<\/div>\n\t\t\t\t\t<\/div>\n\t\t\t\t<\/div>\n\t\t<div class=\"elementor-element elementor-element-3c5118b e-flex e-con-boxed e-con e-parent\" data-id=\"3c5118b\" data-element_type=\"container\">\n\t\t\t\t\t<div class=\"e-con-inner\">\n\t\t\t\t<div class=\"elementor-element elementor-element-097f254 elementor-widget elementor-widget-text-editor\" data-id=\"097f254\" data-element_type=\"widget\" data-widget_type=\"text-editor.default\">\n\t\t\t\t<div class=\"elementor-widget-container\">\n\t\t\t\t\t\t\t\t\t<p>Contre Swaziland, dernier du classement, l\u2019\u00e9quipe a inscrit trois buts en seulement 47 secondes lors de la seconde p\u00e9riode. Des buts de Livramento, Semedo et Stopira d\u00e9clench\u00e8rent la f\u00eate la plus d\u00e9brid\u00e9e jamais vue dans ce petit pays de 540 000 habitants. Tout au long des qualifications, le Cap-Vert a affich\u00e9 un impressionnant bilan de sept victoires, deux partages et une d\u00e9faite. Encore plus impressionnant, il n\u2019a conc\u00e9d\u00e9 aucun but \u00e0 domicile.<\/p>\t\t\t\t\t\t\t\t<\/div>\n\t\t\t\t<\/div>\n\t\t\t\t\t<\/div>\n\t\t\t\t<\/div>\n\t\t<div class=\"elementor-element elementor-element-861a181 e-flex e-con-boxed e-con e-parent\" data-id=\"861a181\" data-element_type=\"container\">\n\t\t\t\t\t<div class=\"e-con-inner\">\n\t\t\t\t<div class=\"elementor-element elementor-element-97afb44 elementor-widget elementor-widget-text-editor\" data-id=\"97afb44\" data-element_type=\"widget\" data-widget_type=\"text-editor.default\">\n\t\t\t\t<div class=\"elementor-widget-container\">\n\t\t\t\t\t\t\t\t\t<p>L\u2019\u00e9quipe, class\u00e9e au 70e rang mondial, est directement pass\u00e9e en phase suivante en tant que leader du groupe et a battu le Cameroun, les Lions africains, avec huit participations \u00e0 la Coupe du Monde. Vous trouverez ici <a href=\"https:\/\/www.billigtrikotde.com\/fr\/\"><strong>maillots de football \u00e0 prix avantageux<\/strong><\/a>!<\/p>\t\t\t\t\t\t\t\t<\/div>\n\t\t\t\t<\/div>\n\t\t\t\t\t<\/div>\n\t\t\t\t<\/div>\n\t\t<div class=\"elementor-element elementor-element-04ca15d e-flex e-con-boxed e-con e-parent\" data-id=\"04ca15d\" data-element_type=\"container\">\n\t\t\t\t\t<div class=\"e-con-inner\">\n\t\t\t\t<div class=\"elementor-element elementor-element-83a9fc7 elementor-widget elementor-widget-image\" data-id=\"83a9fc7\" data-element_type=\"widget\" data-widget_type=\"image.default\">\n\t\t\t\t<div class=\"elementor-widget-container\">\n\t\t\t\t\t\t\t\t\t\t\t\t\t\t\t\t<a href=\"https:\/\/www.billigtrikotde.com\/fr\/\">\n\t\t\t\t\t\t\t<img fetchpriority=\"high\" decoding=\"async\" width=\"595\" height=\"304\" src=\"https:\/\/www.billigtrikotde.com\/wp-content\/uploads\/2025\/10\/kap-verde-offnete-die-tur-zur-weltmeisterschaft-1.webp\" class=\"attachment-large size-large wp-image-23214\" alt=\"Kap Verde \u00f6ffnete die T\u00fcr zur Weltmeisterschaft-1\" srcset=\"https:\/\/www.billigtrikotde.com\/wp-content\/uploads\/2025\/10\/kap-verde-offnete-die-tur-zur-weltmeisterschaft-1.webp 595w, https:\/\/www.billigtrikotde.com\/wp-content\/uploads\/2025\/10\/kap-verde-offnete-die-tur-zur-weltmeisterschaft-1-300x153.webp 300w, https:\/\/www.billigtrikotde.com\/wp-content\/uploads\/2025\/10\/kap-verde-offnete-die-tur-zur-weltmeisterschaft-1-18x9.webp 18w, https:\/\/www.billigtrikotde.com\/wp-content\/uploads\/2025\/10\/kap-verde-offnete-die-tur-zur-weltmeisterschaft-1-64x33.webp 64w\" sizes=\"(max-width: 595px) 100vw, 595px\" \/>\t\t\t\t\t\t\t\t<\/a>\n\t\t\t\t\t\t\t\t\t\t\t\t\t\t\t<\/div>\n\t\t\t\t<\/div>\n\t\t\t\t\t<\/div>\n\t\t\t\t<\/div>\n\t\t<div class=\"elementor-element elementor-element-4e7e980 e-flex e-con-boxed e-con e-parent\" data-id=\"4e7e980\" data-element_type=\"container\">\n\t\t\t\t\t<div class=\"e-con-inner\">\n\t\t\t\t<div class=\"elementor-element elementor-element-4909b13 elementor-widget elementor-widget-heading\" data-id=\"4909b13\" data-element_type=\"widget\" data-widget_type=\"heading.default\">\n\t\t\t\t<div class=\"elementor-widget-container\">\n\t\t\t\t\t<h3 class=\"elementor-heading-title elementor-size-default\">Un petit pays, de grands r\u00eaves\n\n\n\n<\/h3>\t\t\t\t<\/div>\n\t\t\t\t<\/div>\n\t\t\t\t\t<\/div>\n\t\t\t\t<\/div>\n\t\t<div class=\"elementor-element elementor-element-4e21c2f e-flex e-con-boxed e-con e-parent\" data-id=\"4e21c2f\" data-element_type=\"container\">\n\t\t\t\t\t<div class=\"e-con-inner\">\n\t\t\t\t<div class=\"elementor-element elementor-element-b7af736 elementor-widget elementor-widget-text-editor\" data-id=\"b7af736\" data-element_type=\"widget\" data-widget_type=\"text-editor.default\">\n\t\t\t\t<div class=\"elementor-widget-container\">\n\t\t\t\t\t\t\t\t\t<p>Le Cap-Vert, avec seulement 540 000 habitants, a accompli un miracle dans le football mondial.<\/p>\t\t\t\t\t\t\t\t<\/div>\n\t\t\t\t<\/div>\n\t\t\t\t\t<\/div>\n\t\t\t\t<\/div>\n\t\t<div class=\"elementor-element elementor-element-7859841 e-flex e-con-boxed e-con e-parent\" data-id=\"7859841\" data-element_type=\"container\">\n\t\t\t\t\t<div class=\"e-con-inner\">\n\t\t\t\t<div class=\"elementor-element elementor-element-48214a7 elementor-widget elementor-widget-text-editor\" data-id=\"48214a7\" data-element_type=\"widget\" data-widget_type=\"text-editor.default\">\n\t\t\t\t<div class=\"elementor-widget-container\">\n\t\t\t\t\t\t\t\t\t<p>Le Cap-Vert remplacera Trinit\u00e9-et-Tobago en tant que pays participant le plus petit de l\u2019histoire de la Coupe du Monde et, apr\u00e8s l\u2019Islande en 2018, sera aussi le deuxi\u00e8me plus petit en termes de population.<\/p>\t\t\t\t\t\t\t\t<\/div>\n\t\t\t\t<\/div>\n\t\t\t\t\t<\/div>\n\t\t\t\t<\/div>\n\t\t<div class=\"elementor-element elementor-element-fde9c6b e-flex e-con-boxed e-con e-parent\" data-id=\"fde9c6b\" data-element_type=\"container\">\n\t\t\t\t\t<div class=\"e-con-inner\">\n\t\t\t\t<div class=\"elementor-element elementor-element-aa24677 elementor-widget elementor-widget-text-editor\" data-id=\"aa24677\" data-element_type=\"widget\" data-widget_type=\"text-editor.default\">\n\t\t\t\t<div class=\"elementor-widget-container\">\n\t\t\t\t\t\t\t\t\t<p>Pour ce match d\u00e9cisif, le gouvernement capverdien a proclam\u00e9 un jour f\u00e9ri\u00e9 national qui a commenc\u00e9 \u00e0 midi, afin que tous les citoyens puissent assister ensemble \u00e0 l\u2019histoire. Le pr\u00e9sident Neves a \u00e9galement particip\u00e9 \u00e0 l\u2019\u00e9v\u00e9nement pour encourager l\u2019\u00e9quipe nationale.<\/p>\t\t\t\t\t\t\t\t<\/div>\n\t\t\t\t<\/div>\n\t\t\t\t\t<\/div>\n\t\t\t\t<\/div>\n\t\t<div class=\"elementor-element elementor-element-c012f0e e-flex e-con-boxed e-con e-parent\" data-id=\"c012f0e\" data-element_type=\"container\">\n\t\t\t\t\t<div class=\"e-con-inner\">\n\t\t\t\t<div class=\"elementor-element elementor-element-fbf69da elementor-widget elementor-widget-heading\" data-id=\"fbf69da\" data-element_type=\"widget\" data-widget_type=\"heading.default\">\n\t\t\t\t<div class=\"elementor-widget-container\">\n\t\t\t\t\t<h3 class=\"elementor-heading-title elementor-size-default\">Un long chemin vers l\u2019ascension<\/h3>\t\t\t\t<\/div>\n\t\t\t\t<\/div>\n\t\t\t\t\t<\/div>\n\t\t\t\t<\/div>\n\t\t<div class=\"elementor-element elementor-element-de711d7 e-flex e-con-boxed e-con e-parent\" data-id=\"de711d7\" data-element_type=\"container\">\n\t\t\t\t\t<div class=\"e-con-inner\">\n\t\t\t\t<div class=\"elementor-element elementor-element-a72caba elementor-widget elementor-widget-text-editor\" data-id=\"a72caba\" data-element_type=\"widget\" data-widget_type=\"text-editor.default\">\n\t\t\t\t<div class=\"elementor-widget-container\">\n\t\t\t\t\t\t\t\t\t<p>L\u2019ascension du football capverdien ne s\u2019est pas faite du jour au lendemain. Le Cap-Vert a obtenu son ind\u00e9pendance en 1975 vis-\u00e0-vis de la puissance coloniale portugaise, l\u2019Union capverdienne de football a \u00e9t\u00e9 cr\u00e9\u00e9e en 1982 et a rejoint la FIFA en 1986.<\/p>\t\t\t\t\t\t\t\t<\/div>\n\t\t\t\t<\/div>\n\t\t\t\t\t<\/div>\n\t\t\t\t<\/div>\n\t\t<div class=\"elementor-element elementor-element-1217e61 e-flex e-con-boxed e-con e-parent\" data-id=\"1217e61\" data-element_type=\"container\">\n\t\t\t\t\t<div class=\"e-con-inner\">\n\t\t\t\t<div class=\"elementor-element elementor-element-3e9680b elementor-widget elementor-widget-text-editor\" data-id=\"3e9680b\" data-element_type=\"widget\" data-widget_type=\"text-editor.default\">\n\t\t\t\t<div class=\"elementor-widget-container\">\n\t\t\t\t\t\t\t\t\tPendant longtemps, le football capverdien est rest\u00e9 largely m\u00e9connu. En 2011, l\u2019\u00e9quipe est tomb\u00e9e \u00e0 la 162e place du classement mondial.\t\t\t\t\t\t\t\t<\/div>\n\t\t\t\t<\/div>\n\t\t\t\t\t<\/div>\n\t\t\t\t<\/div>\n\t\t<div class=\"elementor-element elementor-element-33ba443 e-flex e-con-boxed e-con e-parent\" data-id=\"33ba443\" data-element_type=\"container\">\n\t\t\t\t\t<div class=\"e-con-inner\">\n\t\t\t\t<div class=\"elementor-element elementor-element-058a150 elementor-widget elementor-widget-text-editor\" data-id=\"058a150\" data-element_type=\"widget\" data-widget_type=\"text-editor.default\">\n\t\t\t\t<div class=\"elementor-widget-container\">\n\t\t\t\t\t\t\t\t\t<p>Le tournant est venu en 2013, lorsque le Cap-Vert a atteint les quarts de finale de sa premi\u00e8re participation \u00e0 la Coupe d\u2019Afrique des Nations, attirant l\u2019attention de la communaut\u00e9 internationale du football sur les \u00eeles de l\u2019Atlantique.<\/p>\t\t\t\t\t\t\t\t<\/div>\n\t\t\t\t<\/div>\n\t\t\t\t\t<\/div>\n\t\t\t\t<\/div>\n\t\t<div class=\"elementor-element elementor-element-94c3428 e-flex e-con-boxed e-con e-parent\" data-id=\"94c3428\" data-element_type=\"container\">\n\t\t\t\t\t<div class=\"e-con-inner\">\n\t\t\t\t<div class=\"elementor-element elementor-element-bf36e2c elementor-widget elementor-widget-text-editor\" data-id=\"bf36e2c\" data-element_type=\"widget\" data-widget_type=\"text-editor.default\">\n\t\t\t\t<div class=\"elementor-widget-container\">\n\t\t\t\t\t\t\t\t\t<p>Lors de la Coupe d\u2019Afrique des Nations 2023, ils ont de nouveau atteint les quarts de finale, perdant de justesse en tirs au but contre l\u2019Afrique du Sud, d\u00e9montrant ainsi leur impressionnante force.<\/p>\t\t\t\t\t\t\t\t<\/div>\n\t\t\t\t<\/div>\n\t\t\t\t\t<\/div>\n\t\t\t\t<\/div>\n\t\t<div class=\"elementor-element elementor-element-3818c54 e-flex e-con-boxed e-con e-parent\" data-id=\"3818c54\" data-element_type=\"container\">\n\t\t\t\t\t<div class=\"e-con-inner\">\n\t\t\t\t<div class=\"elementor-element elementor-element-cd06a23 elementor-widget elementor-widget-heading\" data-id=\"cd06a23\" data-element_type=\"widget\" data-widget_type=\"heading.default\">\n\t\t\t\t<div class=\"elementor-widget-container\">\n\t\t\t\t\t<h3 class=\"elementor-heading-title elementor-size-default\">Le pouvoir du recrutement \u00e0 l\u2019\u00e9tranger<\/h3>\t\t\t\t<\/div>\n\t\t\t\t<\/div>\n\t\t\t\t\t<\/div>\n\t\t\t\t<\/div>\n\t\t<div class=\"elementor-element elementor-element-5240f10 e-flex e-con-boxed e-con e-parent\" data-id=\"5240f10\" data-element_type=\"container\">\n\t\t\t\t\t<div class=\"e-con-inner\">\n\t\t\t\t<div class=\"elementor-element elementor-element-b6d5481 elementor-widget elementor-widget-text-editor\" data-id=\"b6d5481\" data-element_type=\"widget\" data-widget_type=\"text-editor.default\">\n\t\t\t\t<div class=\"elementor-widget-container\">\n\t\t\t\t\t\t\t\t\t<p>Le secret de la r\u00e9ussite du football capverdien r\u00e9side surtout dans la strat\u00e9gie de d\u00e9tection et d\u2019attrait des talents \u00e0 l\u2019\u00e9tranger.<\/p>\t\t\t\t\t\t\t\t<\/div>\n\t\t\t\t<\/div>\n\t\t\t\t\t<\/div>\n\t\t\t\t<\/div>\n\t\t<div class=\"elementor-element elementor-element-11df135 e-flex e-con-boxed e-con e-parent\" data-id=\"11df135\" data-element_type=\"container\">\n\t\t\t\t\t<div class=\"e-con-inner\">\n\t\t\t\t<div class=\"elementor-element elementor-element-3333934 elementor-widget elementor-widget-text-editor\" data-id=\"3333934\" data-element_type=\"widget\" data-widget_type=\"text-editor.default\">\n\t\t\t\t<div class=\"elementor-widget-container\">\n\t\t\t\t\t\t\t\t\t<p>La f\u00e9d\u00e9ration capverdienne de football recherche et recrute activement les talents au sein de la communaut\u00e9 capverdienne mondiale. De nombreux \u00e9migr\u00e9s vivent dans des pays europ\u00e9ens comme le Portugal, les Pays-Bas et la France, dont les descendants b\u00e9n\u00e9ficient d\u2019un d\u00e9veloppement dans les ligues europ\u00e9ennes et acc\u00e8dent au football professionnel.<\/p>\t\t\t\t\t\t\t\t<\/div>\n\t\t\t\t<\/div>\n\t\t\t\t\t<\/div>\n\t\t\t\t<\/div>\n\t\t<div class=\"elementor-element elementor-element-0492fa8 e-flex e-con-boxed e-con e-parent\" data-id=\"0492fa8\" data-element_type=\"container\">\n\t\t\t\t\t<div class=\"e-con-inner\">\n\t\t\t\t<div class=\"elementor-element elementor-element-6f019c1 elementor-widget elementor-widget-text-editor\" data-id=\"6f019c1\" data-element_type=\"widget\" data-widget_type=\"text-editor.default\">\n\t\t\t\t<div class=\"elementor-widget-container\">\n\t\t\t\t\t\t\t\t\t<p>Dans ce match de qualification pour le Mondial, tous les 25 joueurs capverdiens proviennent de ligues \u00e9trang\u00e8res, 14 d\u2019entre eux sont n\u00e9s \u00e0 l\u2019\u00e9tranger. Ces joueurs constituent l\u2019\u00e9pine dorsale de l\u2019\u00e9quipe et donnent \u00e0 la merveille de cette petite nation sa force.<\/p>\t\t\t\t\t\t\t\t<\/div>\n\t\t\t\t<\/div>\n\t\t\t\t\t<\/div>\n\t\t\t\t<\/div>\n\t\t<div class=\"elementor-element elementor-element-1a48c61 e-flex e-con-boxed e-con e-parent\" data-id=\"1a48c61\" data-element_type=\"container\">\n\t\t\t\t\t<div class=\"e-con-inner\">\n\t\t\t\t<div class=\"elementor-element elementor-element-4112ce0 elementor-widget elementor-widget-image\" data-id=\"4112ce0\" data-element_type=\"widget\" data-widget_type=\"image.default\">\n\t\t\t\t<div class=\"elementor-widget-container\">\n\t\t\t\t\t\t\t\t\t\t\t\t\t\t\t<img decoding=\"async\" width=\"595\" height=\"397\" src=\"https:\/\/www.billigtrikotde.com\/wp-content\/uploads\/2025\/10\/kap-verde-offnete-die-tur-zur-weltmeisterschaft-2.webp\" class=\"attachment-large size-large wp-image-23215\" alt=\"Kap Verde \u00f6ffnete die T\u00fcr zur Weltmeisterschaft-2\" srcset=\"https:\/\/www.billigtrikotde.com\/wp-content\/uploads\/2025\/10\/kap-verde-offnete-die-tur-zur-weltmeisterschaft-2.webp 595w, https:\/\/www.billigtrikotde.com\/wp-content\/uploads\/2025\/10\/kap-verde-offnete-die-tur-zur-weltmeisterschaft-2-300x200.webp 300w, https:\/\/www.billigtrikotde.com\/wp-content\/uploads\/2025\/10\/kap-verde-offnete-die-tur-zur-weltmeisterschaft-2-18x12.webp 18w, https:\/\/www.billigtrikotde.com\/wp-content\/uploads\/2025\/10\/kap-verde-offnete-die-tur-zur-weltmeisterschaft-2-64x43.webp 64w\" sizes=\"(max-width: 595px) 100vw, 595px\" \/>\t\t\t\t\t\t\t\t\t\t\t\t\t\t\t<\/div>\n\t\t\t\t<\/div>\n\t\t\t\t\t<\/div>\n\t\t\t\t<\/div>\n\t\t<div class=\"elementor-element elementor-element-2797151 e-flex e-con-boxed e-con e-parent\" data-id=\"2797151\" data-element_type=\"container\">\n\t\t\t\t\t<div class=\"e-con-inner\">\n\t\t\t\t<div class=\"elementor-element elementor-element-b5dc397 elementor-widget elementor-widget-text-editor\" data-id=\"b5dc397\" data-element_type=\"widget\" data-widget_type=\"text-editor.default\">\n\t\t\t\t<div class=\"elementor-widget-container\">\n\t\t\t\t\t\t\t\t\t<p>M\u00eame l\u2019accord Cotonou sign\u00e9 en 2000 entre l\u2019UE et le Cap-Vert a \u00e9t\u00e9 d\u2019une grande aide, car il permettait aux joueurs capverdiens de jouer dans les ligues europ\u00e9ennes sans avoir recours \u00e0 des quotas hors UE, ce qui am\u00e9liorait consid\u00e9rablement leurs possibilit\u00e9s de d\u00e9veloppement.<\/p>\t\t\t\t\t\t\t\t<\/div>\n\t\t\t\t<\/div>\n\t\t\t\t\t<\/div>\n\t\t\t\t<\/div>\n\t\t<div class=\"elementor-element elementor-element-6ebb0ba e-flex e-con-boxed e-con e-parent\" data-id=\"6ebb0ba\" data-element_type=\"container\">\n\t\t\t\t\t<div class=\"e-con-inner\">\n\t\t\t\t<div class=\"elementor-element elementor-element-042f11f elementor-widget elementor-widget-heading\" data-id=\"042f11f\" data-element_type=\"widget\" data-widget_type=\"heading.default\">\n\t\t\t\t<div class=\"elementor-widget-container\">\n\t\t\t\t\t<h3 class=\"elementor-heading-title elementor-size-default\">Le football, une force d\u2019unit\u00e9 nationale<\/h3>\t\t\t\t<\/div>\n\t\t\t\t<\/div>\n\t\t\t\t\t<\/div>\n\t\t\t\t<\/div>\n\t\t<div class=\"elementor-element elementor-element-bc6579a e-flex e-con-boxed e-con e-parent\" data-id=\"bc6579a\" data-element_type=\"container\">\n\t\t\t\t\t<div class=\"e-con-inner\">\n\t\t\t\t<div class=\"elementor-element elementor-element-2c331d7 elementor-widget elementor-widget-text-editor\" data-id=\"2c331d7\" data-element_type=\"widget\" data-widget_type=\"text-editor.default\">\n\t\t\t\t<div class=\"elementor-widget-container\">\n\t\t\t\t\t\t\t\t\t<p>Le Cap-Vert, compos\u00e9 de dix \u00eeles volcaniques, est peu dot\u00e9 en ressources et poss\u00e8de un mod\u00e8le \u00e9conomique homog\u00e8ne. N\u00e9anmoins, le football est devenu une force f\u00e9d\u00e9ratrice majeure pour le pays.<\/p>\n<p>Lorsque l\u2019\u00e9quipe part en match, les fans tapissent les rues menant \u00e0 l\u2019a\u00e9roport pour les saluer. Lorsque des matchs importants approchent, la nation est en harmonie.<\/p>\n<p>Le d\u00e9fenseur national L\u00f3pez a d\u00e9clar\u00e9 avec \u00e9motion : \u00ab Mon p\u00e8re a quitt\u00e9 son foyer \u00e0 16 ans. Pour les Capverdiens, il est normal d\u2019aller \u00e0 l\u2019\u00e9tranger \u00e0 la recherche d\u2019opportunit\u00e9s. Mais si nous restons unis, nous pouvons accomplir des choses extraordinaires. \u00bb<\/p>\n<p>La qualification pour la Coupe du Monde n\u2019est pas seulement une performance sportive, mais aussi une preuve de soft power national. Peu avant le 50e anniversaire de l\u2019ind\u00e9pendance, le Cap-Vert a montr\u00e9 au monde que les petits pays peuvent r\u00e9aliser de grands r\u00eaves.<\/p>\n<p><span class=\"HwtZe\" lang=\"de\">\u00a0<\/span><\/p>\t\t\t\t\t\t\t\t<\/div>\n\t\t\t\t<\/div>\n\t\t\t\t\t<\/div>\n\t\t\t\t<\/div>\n\t\t<div class=\"elementor-element elementor-element-5930dfb e-flex e-con-boxed e-con e-parent\" data-id=\"5930dfb\" data-element_type=\"container\">\n\t\t\t\t\t<div class=\"e-con-inner\">\n\t\t\t\t<div class=\"elementor-element elementor-element-7dfc6e2 elementor-widget elementor-widget-image\" data-id=\"7dfc6e2\" data-element_type=\"widget\" data-widget_type=\"image.default\">\n\t\t\t\t<div class=\"elementor-widget-container\">\n\t\t\t\t\t\t\t\t\t\t\t\t\t\t\t<img decoding=\"async\" width=\"595\" height=\"335\" src=\"https:\/\/www.billigtrikotde.com\/wp-content\/uploads\/2025\/10\/kap-verde-offnete-die-tur-zur-weltmeisterschaft-3.webp\" class=\"attachment-large size-large wp-image-23216\" alt=\"Kap Verde \u00f6ffnete die T\u00fcr zur Weltmeisterschaft-3\" srcset=\"https:\/\/www.billigtrikotde.com\/wp-content\/uploads\/2025\/10\/kap-verde-offnete-die-tur-zur-weltmeisterschaft-3.webp 595w, https:\/\/www.billigtrikotde.com\/wp-content\/uploads\/2025\/10\/kap-verde-offnete-die-tur-zur-weltmeisterschaft-3-300x169.webp 300w, https:\/\/www.billigtrikotde.com\/wp-content\/uploads\/2025\/10\/kap-verde-offnete-die-tur-zur-weltmeisterschaft-3-18x10.webp 18w, https:\/\/www.billigtrikotde.com\/wp-content\/uploads\/2025\/10\/kap-verde-offnete-die-tur-zur-weltmeisterschaft-3-64x36.webp 64w\" sizes=\"(max-width: 595px) 100vw, 595px\" \/>\t\t\t\t\t\t\t\t\t\t\t\t\t\t\t<\/div>\n\t\t\t\t<\/div>\n\t\t\t\t\t<\/div>\n\t\t\t\t<\/div>\n\t\t<div class=\"elementor-element elementor-element-451ec27 e-flex e-con-boxed e-con e-parent\" data-id=\"451ec27\" data-element_type=\"container\">\n\t\t\t\t\t<div class=\"e-con-inner\">\n\t\t\t\t<div class=\"elementor-element elementor-element-1353995 elementor-widget elementor-widget-heading\" data-id=\"1353995\" data-element_type=\"widget\" data-widget_type=\"heading.default\">\n\t\t\t\t<div class=\"elementor-widget-container\">\n\t\t\t\t\t<h3 class=\"elementor-heading-title elementor-size-default\">Conclusion<\/h3>\t\t\t\t<\/div>\n\t\t\t\t<\/div>\n\t\t\t\t\t<\/div>\n\t\t\t\t<\/div>\n\t\t<div class=\"elementor-element elementor-element-af2422c e-flex e-con-boxed e-con e-parent\" data-id=\"af2422c\" data-element_type=\"container\">\n\t\t\t\t\t<div class=\"e-con-inner\">\n\t\t\t\t<div class=\"elementor-element elementor-element-bbfa393 elementor-widget elementor-widget-text-editor\" data-id=\"bbfa393\" data-element_type=\"widget\" data-widget_type=\"text-editor.default\">\n\t\t\t\t<div class=\"elementor-widget-container\">\n\t\t\t\t\t\t\t\t\t<p>Le Cap-Vert devrait probablement se placer dans le pot 4 lors de la Coupe du Monde FIFA 2026 au Mexique, mais cette \u00e9quipe \u00ab Requin Bleu \u00bb ne se contente pas de jouer.<\/p>\n<p>Son objectif est d\u2019obtenir au moins un point, voire un nul contre une \u00e9quipe de premier plan. Comme l\u2019a dit le capitaine Pico L\u00f3pez : \u00ab Nous jouons pour toute l\u2019\u00eele. \u00bb<\/p>\n<p>Ce pays, compos\u00e9 de dix \u00eeles volcaniques et d\u00e9pourvu de ressources, a uni sa population par le football.<\/p>\t\t\t\t\t\t\t\t<\/div>\n\t\t\t\t<\/div>\n\t\t\t\t\t<\/div>\n\t\t\t\t<\/div>\t\t<\/div>","protected":false},"excerpt":{"rendered":"<p>Als der Schiedsrichter abpfiff, stand es 3:0. Kap Verde besiegte Swasiland zu Hause und sicherte sich als Sieger der Gruppe D die erste WM-Qualifikation. Das Nationalstadion in der kapverdischen Hauptstadt Praia brach in Jubel aus. Das 15.000 Zuschauer fassende Stadion war sofort von den wei\u00df-blauen Fu\u00dfballtrikots \u00fcberw\u00e4ltigt. Fans str\u00f6mten von den Trib\u00fcnen auf das Spielfeld, [&hellip;]<\/p>","protected":false},"author":1,"featured_media":23212,"comment_status":"open","ping_status":"open","sticky":false,"template":"","format":"standard","meta":{"footnotes":""},"categories":[1],"tags":[],"class_list":["post-23211","post","type-post","status-publish","format-standard","has-post-thumbnail","hentry","category-allgemein"],"_links":{"self":[{"href":"https:\/\/www.billigtrikotde.com\/fr\/wp-json\/wp\/v2\/posts\/23211","targetHints":{"allow":["GET"]}}],"collection":[{"href":"https:\/\/www.billigtrikotde.com\/fr\/wp-json\/wp\/v2\/posts"}],"about":[{"href":"https:\/\/www.billigtrikotde.com\/fr\/wp-json\/wp\/v2\/types\/post"}],"author":[{"embeddable":true,"href":"https:\/\/www.billigtrikotde.com\/fr\/wp-json\/wp\/v2\/users\/1"}],"replies":[{"embeddable":true,"href":"https:\/\/www.billigtrikotde.com\/fr\/wp-json\/wp\/v2\/comments?post=23211"}],"version-history":[{"count":7,"href":"https:\/\/www.billigtrikotde.com\/fr\/wp-json\/wp\/v2\/posts\/23211\/revisions"}],"predecessor-version":[{"id":23222,"href":"https:\/\/www.billigtrikotde.com\/fr\/wp-json\/wp\/v2\/posts\/23211\/revisions\/23222"}],"wp:featuredmedia":[{"embeddable":true,"href":"https:\/\/www.billigtrikotde.com\/fr\/wp-json\/wp\/v2\/media\/23212"}],"wp:attachment":[{"href":"https:\/\/www.billigtrikotde.com\/fr\/wp-json\/wp\/v2\/media?parent=23211"}],"wp:term":[{"taxonomy":"category","embeddable":true,"href":"https:\/\/www.billigtrikotde.com\/fr\/wp-json\/wp\/v2\/categories?post=23211"},{"taxonomy":"post_tag","embeddable":true,"href":"https:\/\/www.billigtrikotde.com\/fr\/wp-json\/wp\/v2\/tags?post=23211"}],"curies":[{"name":"wp","href":"https:\/\/api.w.org\/{rel}","templated":true}]}}