{"id":22191,"date":"2025-06-23T16:17:58","date_gmt":"2025-06-23T14:17:58","guid":{"rendered":"https:\/\/www.billigtrikotde.com\/?p=22191"},"modified":"2025-06-23T16:34:58","modified_gmt":"2025-06-23T14:34:58","slug":"neues-real-madrid-auswaertstrikot","status":"publish","type":"post","link":"https:\/\/www.billigtrikotde.com\/cs\/neues-real-madrid-auswaertstrikot\/","title":{"rendered":"Nov\u00fd venkovn\u00ed dres Real Madrid"},"content":{"rendered":"<p>Vrchn\u00ed dres Realu Madrid pro sezonu 2025\/26 je p\u0159ev\u00e1\u017en\u011b tmav\u011b no\u010dn\u00ed modr\u00e9 barvy. Ve srovn\u00e1n\u00ed s jasn\u011bj\u0161\u00edm sv\u011btle \u0161ed\u00fdm nebo grafitov\u011b modr\u00fdm odst\u00ednem z posledn\u00edch let je barva tentokr\u00e1t hlub\u0161\u00ed a vyza\u0159uje n\u00e1znak klidu a slavnostnosti.<\/p><h2 class=\"wp-block-heading\">Zdroj inspirace<\/h2><p>Barevnost je inspirov\u00e1na nebem, kter\u00e9 se p\u0159i no\u010dn\u00edm z\u00e1pase v Bernab\u00e9u rozhost\u00ed, a vyjad\u0159uje jedine\u010dnou atmosf\u00e9ru tohoto okam\u017eiku. Slab\u00e9 st\u0159\u00edbrn\u00e9 logo a vlo\u017een\u00e9 zelen\u00e9 linie na dresu odr\u00e1\u017eej\u00ed vzhled kovov\u00e9 fas\u00e1dy a tr\u00e1vn\u00edku stadionu.<\/p><figure class=\"wp-block-image size-full\"><img fetchpriority=\"high\" decoding=\"async\" width=\"420\" height=\"420\" src=\"https:\/\/www.billigtrikotde.com\/wp-content\/uploads\/2025\/06\/neues-real-madrid-auswaertstrikot.webp\" alt=\"Neues Real Madrid Ausw\u00e4rtstrikot\" class=\"wp-image-22193\" srcset=\"https:\/\/www.billigtrikotde.com\/wp-content\/uploads\/2025\/06\/neues-real-madrid-auswaertstrikot.webp 420w, https:\/\/www.billigtrikotde.com\/wp-content\/uploads\/2025\/06\/neues-real-madrid-auswaertstrikot-300x300.webp 300w, https:\/\/www.billigtrikotde.com\/wp-content\/uploads\/2025\/06\/neues-real-madrid-auswaertstrikot-150x150.webp 150w, https:\/\/www.billigtrikotde.com\/wp-content\/uploads\/2025\/06\/neues-real-madrid-auswaertstrikot-12x12.webp 12w, https:\/\/www.billigtrikotde.com\/wp-content\/uploads\/2025\/06\/neues-real-madrid-auswaertstrikot-100x100.webp 100w, https:\/\/www.billigtrikotde.com\/wp-content\/uploads\/2025\/06\/neues-real-madrid-auswaertstrikot-64x64.webp 64w\" sizes=\"(max-width: 420px) 100vw, 420px\" \/><\/figure><h2 class=\"wp-block-heading\">Textura a st\u0159ihov\u00e9 detaily jsou poctou klasik\u00e1m<\/h2><p>Dres pou\u017e\u00edv\u00e1 motiv \u201eTiro 25\u201c a klasick\u00fd design krku t\u00fdmov\u00e9ho ducha, jen\u017e poch\u00e1z\u00ed z optimalizovan\u00e9ho \u0161it\u00ed sez\u00f3ny 2006\/07.<\/p><figure class=\"wp-block-image size-full is-resized\"><img decoding=\"async\" width=\"595\" height=\"335\" src=\"https:\/\/www.billigtrikotde.com\/wp-content\/uploads\/2025\/06\/neues-real-madrid-auswaertstrikot.-1.webp\" alt=\"Neues Real Madrid Ausw\u00e4rtstrikot-1\" class=\"wp-image-22195\" style=\"width:607px;height:auto\" srcset=\"https:\/\/www.billigtrikotde.com\/wp-content\/uploads\/2025\/06\/neues-real-madrid-auswaertstrikot.-1.webp 595w, https:\/\/www.billigtrikotde.com\/wp-content\/uploads\/2025\/06\/neues-real-madrid-auswaertstrikot.-1-300x169.webp 300w, https:\/\/www.billigtrikotde.com\/wp-content\/uploads\/2025\/06\/neues-real-madrid-auswaertstrikot.-1-18x10.webp 18w, https:\/\/www.billigtrikotde.com\/wp-content\/uploads\/2025\/06\/neues-real-madrid-auswaertstrikot.-1-64x36.webp 64w\" sizes=\"(max-width: 595px) 100vw, 595px\" \/><\/figure><p><br>Zvl\u00e1\u0161\u0165 v\u00fdrazn\u00e1 je horizont\u00e1ln\u00ed textura \u201eBernab\u00e9u fas\u00e1da\u201c v detailu, kterou vyjad\u0159uj\u00ed jemn\u00e9 linie na l\u00e1tce. Je dekorativn\u00ed i lehce reli\u00e9fn\u00ed, co\u017e vzhled zv\u00fdraz\u0148uje a d\u00e1v\u00e1 mu <strong><em><a href=\"https:\/\/www.billigtrikotde.com\/cs\/\" data-type=\"link\" data-id=\"https:\/\/www.billigtrikotde.com\/\">futbalov\u00e9 dresy levn\u011b<\/a><\/em><\/strong> v\u00edce struktury.<\/p><p>Zelen\u00e9 pruhy na ramenou a bo\u010dn\u00edch \u0161vech jsou praktick\u00e9 i technologick\u00e9, podobn\u011b jako zbytkov\u00e9 sv\u011btlo osv\u011btlen\u00ed h\u0159i\u0161t\u011b. Tato inovativn\u00ed barva je fanou\u0161ky tak\u00e9 naz\u00fdv\u00e1na \u201ez\u00e1v\u011bre\u010dn\u00e1 z\u00e1\u0159 noci\u201c.<\/p><h2 class=\"wp-block-heading\">Technologick\u00e9 vylep\u0161en\u00ed<\/h2><p>Sou\u010dasn\u011b se zav\u00e1d\u011bj\u00ed nov\u00e9 tkaniny a prody\u0161n\u00e9 postupy, aby hr\u00e1\u010di p\u0159i hork\u00fdch nebo vysoce intenzivn\u00edch ud\u00e1lostech udr\u017eeli chladnou hlavu. Kl\u00ed\u010dov\u00e9 technick\u00e9 materi\u00e1ly od adidas \u2013 vysok\u00e1 pru\u017enost, vysok\u00e1 pr\u016fhlednost, rychl\u00e9 schnut\u00ed a n\u00edzk\u00e1 hmotnost, dopln\u011bn\u00e9 s\u00edtovou strukturou \u2013 zd\u016fraz\u0148uj\u00ed sportovn\u00ed v\u00fdkon a transparentn\u00ed komfort pro ka\u017edodenn\u00ed pou\u017eit\u00ed.<\/p><h2 class=\"wp-block-heading\">Klasick\u00e1 reprodukce, trvaj\u00edc\u00ed pocity<\/h2><p>Tento venkovn\u00ed dres navazuje na tmav\u011b modrou barvu dresu z sezony 2012\/13, co\u017e lze ozna\u010dit za klasick\u00fd p\u0159e\u010d\u00edsl\u011bn\u00ed.<\/p><figure class=\"wp-block-image size-full\"><img decoding=\"async\" width=\"595\" height=\"388\" src=\"https:\/\/www.billigtrikotde.com\/wp-content\/uploads\/2025\/06\/neues-real-madrid-auswaertstrikot-2.webp\" alt=\"Neues Real Madrid Ausw\u00e4rtstrikot-2\" class=\"wp-image-22196\" srcset=\"https:\/\/www.billigtrikotde.com\/wp-content\/uploads\/2025\/06\/neues-real-madrid-auswaertstrikot-2.webp 595w, https:\/\/www.billigtrikotde.com\/wp-content\/uploads\/2025\/06\/neues-real-madrid-auswaertstrikot-2-300x196.webp 300w, https:\/\/www.billigtrikotde.com\/wp-content\/uploads\/2025\/06\/neues-real-madrid-auswaertstrikot-2-18x12.webp 18w, https:\/\/www.billigtrikotde.com\/wp-content\/uploads\/2025\/06\/neues-real-madrid-auswaertstrikot-2-64x42.webp 64w\" sizes=\"(max-width: 595px) 100vw, 595px\" \/><\/figure><p>Vrcholem v\u00fdst\u0159ihu a v\u00fdst\u0159i\u017ek\u016f na ramenou evokuj\u00ed u fanou\u0161k\u016f krkov\u00fd design FC Arsenal z pozdn\u00edch 2000 a po\u010d\u00e1tku 2010. vzbud\u00ed nostalgii po \u201e\u00e9\u0159e Beckhama\u201c. Tohle je spole\u010dn\u00e9 vzpom\u00edn\u00e1n\u00ed jedn\u00e9 generace fanou\u0161k\u016f a umo\u017e\u0148uje nov\u00e9mu <strong><em><a href=\"https:\/\/www.billigtrikotde.com\/cs\/stitek-produktu\/real-madrid-trikot\/\" data-type=\"link\" data-id=\"https:\/\/www.billigtrikotde.com\/produkt-schlagwort\/real-madrid-trikot\/\">Real Madrid Jersey<\/a><\/em><\/strong>, vytvo\u0159it rovnov\u00e1hu mezi modernou a tradic\u00ed.<\/p><h2 class=\"wp-block-heading\">Odezva trhu<\/h2><p>A\u010dkoli v\u011bt\u0161ina platforem hodnot\u00ed p\u0159ev\u00e1\u017en\u011b pozitivn\u011b a design chv\u00e1l\u00ed za \u201edokonalou strukturu no\u010dn\u00edch sc\u00e9n\u201c a \u201edetaily, kter\u00e9 vzd\u00e1vaj\u00ed hold Bernab\u00e9u\u201c, n\u011bkte\u0159\u00ed fanou\u0161ci na soci\u00e1ln\u00edch s\u00edt\u00edch vyj\u00e1d\u0159ili obavy nebo dokonce nesouhlas. V recenz\u00edch po vybalen\u00ed zazn\u011bla slova jako \u201etrochu tmav\u0161\u00ed\u201c a \u201eprakticky stejn\u00e9 jako na ofici\u00e1ln\u00edm venkovn\u00edm z\u00e1pase\u201c.<\/p><p>Celkov\u011b je p\u0159ijet\u00ed venkovn\u00edho dresu fanou\u0161ky vysok\u00e9. Cen\u00ed si nejen jeho kr\u00e1sy, ale tak\u00e9 se t\u011b\u0161\u00ed na jeho debut v kl\u00ed\u010dov\u00fdch z\u00e1pasech nov\u00e9 sez\u00f3ny.<\/p><h2 class=\"wp-block-heading\">Shrnut\u00ed a v\u00fdhled do budoucna<\/h2><p>Pro fanou\u0161ky Realu Madrid nen\u00ed tento venkovn\u00ed dres jen m\u00f3dn\u00edm dopl\u0148kem, ale i v\u00fdrazem historick\u00fdch pocit\u016f. Nejen \u017ee zt\u011bles\u0148uje bojovnost na h\u0159i\u0161ti, ale tak\u00e9 \u201eno\u010dn\u00ed bojov\u00fd duch\u201c mu\u017esk\u00e9 kultury a fanou\u0161kovsk\u00fdch vzpom\u00ednek.<\/p><p>R\u00e1di sd\u00edlejte sv\u00e9 my\u0161lenky v sekci koment\u00e1\u0159\u016f. Pova\u017eujete tento \u201eno\u010dn\u00ed modr\u00fd\u201c za dostate\u010dn\u011b cool? Existuj\u00ed detaily, kter\u00e9 se v\u00e1m l\u00edb\u00ed? Kolik bod\u016f byste mu dali, kdybyste ho nosili? T\u011b\u0161\u00edm se na v\u00e1\u0161 n\u00e1zor!<\/p>","protected":false},"excerpt":{"rendered":"<p>D\u00e1lkov\u00fd dres Realu Madrid 2025\/26 je p\u0159ev\u00e1\u017en\u011b tmav\u011b no\u010dn\u00ed modr\u00e9 barvy. Ve srovn\u00e1n\u00ed se sv\u011btlej\u0161\u00ed \u0161edou nebo grafitov\u011b modrou posledn\u00edch let je tato barva tentokr\u00e1t hlub\u0161\u00ed a vyza\u0159uje n\u00e1znak klidu a slavnostnosti. Zdroj inspirace Barva inspirov\u00e1na nebem, kter\u00e9 se p\u0159i no\u010dn\u00edm z\u00e1pase na stadionu Bernab\u00e9u vkr\u00e1d\u00e1 dovnit\u0159, a p\u0159edstavuje [\u2026]<\/p>","protected":false},"author":1,"featured_media":22199,"comment_status":"open","ping_status":"open","sticky":false,"template":"","format":"standard","meta":{"footnotes":""},"categories":[1425,1544],"tags":[1543,1426],"class_list":["post-22191","post","type-post","status-publish","format-standard","has-post-thumbnail","hentry","category-real-madrid-trikot","category-fussballtrikots-billig","tag-fussballtrikots-billig","tag-real-madrid-trikot"],"_links":{"self":[{"href":"https:\/\/www.billigtrikotde.com\/cs\/wp-json\/wp\/v2\/posts\/22191","targetHints":{"allow":["GET"]}}],"collection":[{"href":"https:\/\/www.billigtrikotde.com\/cs\/wp-json\/wp\/v2\/posts"}],"about":[{"href":"https:\/\/www.billigtrikotde.com\/cs\/wp-json\/wp\/v2\/types\/post"}],"author":[{"embeddable":true,"href":"https:\/\/www.billigtrikotde.com\/cs\/wp-json\/wp\/v2\/users\/1"}],"replies":[{"embeddable":true,"href":"https:\/\/www.billigtrikotde.com\/cs\/wp-json\/wp\/v2\/comments?post=22191"}],"version-history":[{"count":3,"href":"https:\/\/www.billigtrikotde.com\/cs\/wp-json\/wp\/v2\/posts\/22191\/revisions"}],"predecessor-version":[{"id":22200,"href":"https:\/\/www.billigtrikotde.com\/cs\/wp-json\/wp\/v2\/posts\/22191\/revisions\/22200"}],"wp:featuredmedia":[{"embeddable":true,"href":"https:\/\/www.billigtrikotde.com\/cs\/wp-json\/wp\/v2\/media\/22199"}],"wp:attachment":[{"href":"https:\/\/www.billigtrikotde.com\/cs\/wp-json\/wp\/v2\/media?parent=22191"}],"wp:term":[{"taxonomy":"category","embeddable":true,"href":"https:\/\/www.billigtrikotde.com\/cs\/wp-json\/wp\/v2\/categories?post=22191"},{"taxonomy":"post_tag","embeddable":true,"href":"https:\/\/www.billigtrikotde.com\/cs\/wp-json\/wp\/v2\/tags?post=22191"}],"curies":[{"name":"wp","href":"https:\/\/api.w.org\/{rel}","templated":true}]}}