{"id":21387,"date":"2025-03-24T14:18:24","date_gmt":"2025-03-24T13:18:24","guid":{"rendered":"https:\/\/www.billigtrikotde.com\/?p=21387"},"modified":"2025-03-24T14:18:30","modified_gmt":"2025-03-24T13:18:30","slug":"die-stars-von-liverpool-und-real-madrid-gerieten-waehrend-der-laenderspielpause-auf-und-neben-dem-platz-aneinander","status":"publish","type":"post","link":"https:\/\/www.billigtrikotde.com\/cs\/die-stars-von-liverpool-und-real-madrid-gerieten-waehrend-der-laenderspielpause-auf-und-neben-dem-platz-aneinander\/","title":{"rendered":"Hv\u011bzdy Liverpoolu a Realu Madrid se b\u011bhem mezin\u00e1rodn\u00ed p\u0159est\u00e1vky st\u0159etly na h\u0159i\u0161ti i mimo n\u011bj."},"content":{"rendered":"<p>Dominik Szoboszlai z Liverpool FC a Arda G\u00fcler z <a href=\"https:\/\/www.billigtrikotde.com\/cs\/real-madrid\/\" data-type=\"link\" data-id=\"https:\/\/www.billigtrikotde.com\/real-madrid\/\">\u00a0Fotbalov\u00e9 tri\u010dko Real Madrid<\/a> se b\u011bhem mezin\u00e1rodn\u00ed p\u0159est\u00e1vky dostali do ostr\u00e9 h\u00e1dky, kter\u00e1 za\u010dala na h\u0159i\u0161ti ma\u010farsk\u00e9ho stadionu Pusk\u00e1s a p\u0159enesla se i na soci\u00e1ln\u00ed s\u00edt\u011b.<\/p><p>V ned\u011bli ve\u010der prohr\u00e1li Szoboszl\u00e1ovi Ma\u010fa\u0159i ve druh\u00e9m utk\u00e1n\u00ed play-off Ligy n\u00e1rod\u016f o postup a sestup s Tureckem 3:0. Pro zemi to byla prvn\u00ed dom\u00e1c\u00ed por\u00e1\u017eka od roku 2022. Tureck\u00fd t\u00fdm odsunul Ma\u010farsko do druh\u00e9 divize sout\u011b\u017ee, zat\u00edmco s\u00e1m postoupil do A-skupiny.<\/p><p>Tureck\u00fd t\u00fdm vyhr\u00e1l v Istanbulu prvn\u00ed z\u00e1pas 3:1, p\u0159i\u010dem\u017e G\u00fcler musel utk\u00e1n\u00ed sledovat z postrann\u00ed \u010d\u00e1ry kv\u016fli vylou\u010den\u00ed. Z\u00e1lo\u017en\u00edk Realu Madrid v\u0161ak v ned\u011bli nastoupil v z\u00e1kladn\u00ed jeden\u00e1ctce a pouh\u00e9 dv\u011b minuty pot\u00e9, co Hakan Calhanoglu ve 37. minut\u011b z penalty zlomil nerozhodn\u00fd stav, vst\u0159elil druh\u00fd g\u00f3l Turecka.<\/p><p>P\u0159ed G\u00fclerovou brankou ztratil Soboslai m\u00ed\u010d na hranici tureck\u00e9ho pokutov\u00e9ho \u00fazem\u00ed, \u010d\u00edm\u017e necht\u011bn\u011b vyvolal proti\u00fatok, kter\u00fd vyt\u00e1hl\u00fd z\u00e1lo\u017en\u00edk zakon\u010dil klidnou st\u0159elou do doln\u00edho rohu.<\/p><p>B\u011bhem z\u00e1pasu se oba dostali do h\u00e1dky, p\u0159i n\u00ed\u017e G\u00fcler p\u0159ilo\u017eil sv\u00e9mu liverpoolsk\u00e9mu soupe\u0159i prst na \u00fasta, aby ho uml\u010del. O h\u00e1dce informoval ma\u010farsk\u00fd den\u00edk Nemzeti Sports na Instagramu. Szoboslai\u016fv ofici\u00e1ln\u00ed \u00fa\u010det sn\u00edmek jednodu\u0161e okomentoval \u010d\u00edslem \"1088\", kter\u00e9 shodou okolnost\u00ed p\u0159esn\u011b odpov\u00edd\u00e1 dob\u011b, kdy G\u00fcler v t\u00e9to sezon\u011b hr\u00e1l za Real Madrid.<\/p><p>Talentovan\u00fd tureck\u00fd z\u00e1lo\u017en\u00edk odehr\u00e1l v t\u00e9to sezon\u011b v z\u00e1kladn\u00ed jeden\u00e1ctce pouze \u0161est z\u00e1pas\u016f v nejvy\u0161\u0161\u00ed sout\u011b\u017ei. Opakovan\u00e9 odm\u00edt\u00e1n\u00ed Carla Ancelottiho d\u00e1t dvacetilet\u00e9mu hr\u00e1\u010di v\u00edce \u0161anc\u00ed podpo\u0159ilo \u010detn\u00e9 zv\u011bsti, kter\u00e9 ho spojuj\u00ed s odchodem ze \u0161pan\u011blsk\u00e9 metropole. <a href=\"https:\/\/www.billigtrikotde.com\/cs\/\" data-type=\"link\" data-id=\"https:\/\/www.billigtrikotde.com\/\">Levn\u00e9 dresy<\/a> Jako mo\u017en\u00fd c\u00edl byl ned\u00e1vno zm\u00edn\u011bn Inter Mil\u00e1n.<\/p><p>G\u00fcler\u016fv krajan Calhanoglu je st\u00e1l\u00fdm hr\u00e1\u010dem gigant\u016f Serie A a tento t\u00fdden neud\u011blal nic pro to, aby vyvr\u00e1til zv\u011bsti o p\u0159estupu. \"P\u0159\u00e1l bych si, aby p\u0159i\u0161el a hr\u00e1l s n\u00e1mi,\" p\u0159iznal zku\u0161en\u00fd z\u00e1lo\u017en\u00edk a pak dodal: \"Samoz\u0159ejm\u011b douf\u00e1m a v\u011b\u0159\u00edm, \u017ee si zaslou\u017e\u00ed v\u00edce hern\u00edho \u010dasu.\"<\/p><p>Szoboszlai, kter\u00fd je o \u010dty\u0159i roky star\u0161\u00ed ne\u017e G\u00fcler, odehr\u00e1l za Liverpool 2887 minut, co\u017e byla jeho nejlep\u0161\u00ed sezona v Merseyside. Reds jsou pova\u017eov\u00e1ni za favority na zisk titulu v Premier League, ale na rozd\u00edl od G\u00fclerova Realu Madrid u\u017e nejsou v Lize mistr\u016f.<\/p>","protected":false},"excerpt":{"rendered":"<p>Dominik Szoboszlai z FC Liverpool a Arda G\u00fcler z Real Madrid b\u011bhem reprezenta\u010dn\u00ed p\u0159est\u00e1vky byli zapojeni do ostr\u00e9ho konfliktu, kter\u00fd za\u010dal na h\u0159i\u0161ti na stadionu Pusk\u00e1s v Ma\u010farsku a roz\u0161\u00ed\u0159il se do soci\u00e1ln\u00edch m\u00e9di\u00ed. Szoboszlaiho ma\u010farsk\u00e1 reprezentace v ned\u011bli ve\u010der v odvet\u011b bar\u00e1\u017ee o postup v Nations League podlehla Turecku s [\u2026]<\/p>","protected":false},"author":1,"featured_media":21388,"comment_status":"open","ping_status":"open","sticky":false,"template":"","format":"standard","meta":{"footnotes":""},"categories":[1393,1460],"tags":[1394,1459],"class_list":["post-21387","post","type-post","status-publish","format-standard","has-post-thumbnail","hentry","category-billige-trikots","category-real-madrid-fussballtrikot","tag-billige-trikots","tag-real-madrid-fussballtrikot"],"_links":{"self":[{"href":"https:\/\/www.billigtrikotde.com\/cs\/wp-json\/wp\/v2\/posts\/21387","targetHints":{"allow":["GET"]}}],"collection":[{"href":"https:\/\/www.billigtrikotde.com\/cs\/wp-json\/wp\/v2\/posts"}],"about":[{"href":"https:\/\/www.billigtrikotde.com\/cs\/wp-json\/wp\/v2\/types\/post"}],"author":[{"embeddable":true,"href":"https:\/\/www.billigtrikotde.com\/cs\/wp-json\/wp\/v2\/users\/1"}],"replies":[{"embeddable":true,"href":"https:\/\/www.billigtrikotde.com\/cs\/wp-json\/wp\/v2\/comments?post=21387"}],"version-history":[{"count":1,"href":"https:\/\/www.billigtrikotde.com\/cs\/wp-json\/wp\/v2\/posts\/21387\/revisions"}],"predecessor-version":[{"id":21389,"href":"https:\/\/www.billigtrikotde.com\/cs\/wp-json\/wp\/v2\/posts\/21387\/revisions\/21389"}],"wp:featuredmedia":[{"embeddable":true,"href":"https:\/\/www.billigtrikotde.com\/cs\/wp-json\/wp\/v2\/media\/21388"}],"wp:attachment":[{"href":"https:\/\/www.billigtrikotde.com\/cs\/wp-json\/wp\/v2\/media?parent=21387"}],"wp:term":[{"taxonomy":"category","embeddable":true,"href":"https:\/\/www.billigtrikotde.com\/cs\/wp-json\/wp\/v2\/categories?post=21387"},{"taxonomy":"post_tag","embeddable":true,"href":"https:\/\/www.billigtrikotde.com\/cs\/wp-json\/wp\/v2\/tags?post=21387"}],"curies":[{"name":"wp","href":"https:\/\/api.w.org\/{rel}","templated":true}]}}