{"id":21049,"date":"2025-03-12T08:16:04","date_gmt":"2025-03-12T07:16:04","guid":{"rendered":"https:\/\/www.billigtrikotde.com\/?p=21049"},"modified":"2025-03-12T08:16:09","modified_gmt":"2025-03-12T07:16:09","slug":"william-saliba-bewertet-arsenals-schwindende-hoffnungen-auf-den-premier-league-titel","status":"publish","type":"post","link":"https:\/\/www.billigtrikotde.com\/cs\/william-saliba-bewertet-arsenals-schwindende-hoffnungen-auf-den-premier-league-titel\/","title":{"rendered":"William Saliba hodnot\u00ed miziv\u00e9 nad\u011bje Arsenalu na titul v Premier League"},"content":{"rendered":"<p>Arsenalov vnit\u0159n\u00ed bek William Saliba p\u0159izn\u00e1v\u00e1, \u017ee Gunners si prost\u011b nezaslou\u017e\u00ed b\u00fdt na \u0161pici tabulky Premier League.<\/p><p>Liverpool m\u00e1 moment\u00e1ln\u011b s n\u00e1skokem 15 bod\u016f na \u010dele tabulky a odehr\u00e1no o z\u00e1pas v\u00edce ne\u017e t\u00fdm Mikel Artety. Hlavn\u00ed tren\u00e9r Mikel Arteta se odm\u00edtl p\u0159ijmout por\u00e1\u017eku v boji o titul \u2013 i kdy\u017e ned\u00e1vno opustil interview pot\u00e9, co byl dot\u00e1z\u00e1n na ambice t\u00fdmu.<\/p><p>Jeliko\u017e zb\u00fdv\u00e1 pouze deset z\u00e1pas\u016f, v\u010detn\u011b duelu s <a href=\"https:\/\/www.billigtrikotde.com\/cs\/\" data-type=\"link\" data-id=\"https:\/\/www.billigtrikotde.com\/\">Levn\u00e9 dresy<\/a> Liverpoolem v kv\u011btnu, jsou Arsen\u00e1lovy \u0161ance na zisk titulu extr\u00e9mn\u011b mal\u00e9 a Saliba p\u0159ipou\u0161t\u00ed, \u017ee t\u00fdm si tuto pozici zaslou\u017e\u00ed.<\/p><p>\u201eKdy\u017e Liverpool bude prvn\u00ed, bude to proto, \u017ee ud\u011blali n\u011bco, co my jsme neud\u011blali,\u201c \u0159ekl. \u201eSamoz\u0159ejm\u011b st\u00e1le mezi n\u00e1mi z\u016fst\u00e1v\u00e1 velk\u00fd rozd\u00edl, ale mus\u00edme pracovat d\u00e1l hodn\u011b.\u201c<\/p><p>\u201eOni jsou tak\u00e9 velmi dob\u0159\u00ed. Nebyl bych, \u017ee si zaslou\u017e\u00edme b\u00fdt na \u0161pici t\u00e9to sez\u00f3ny, ale mus\u00edme pokra\u010dovat a je tu i Liga mistr\u016f, tak\u017ee to budeme zkou\u0161et.\u201c<\/p><p>Arsenal u\u017e vypadl z FA Cupu a Carabao Cupu a jeho posledn\u00ed nad\u011bje na sl\u00e1vu mo\u017en\u00e1 spo\u010d\u00edv\u00e1 v Evrop\u011b, kde si vyst\u0159elil m\u00edsto ve \u010dtvrtfin\u00e1le Ligy mistr\u016f po v\u00edt\u011bzstv\u00ed 7:1 nad PSV je\u0161t\u011b p\u0159ed odvetou osmifin\u00e1le ve st\u0159edu.<\/p><p>\u201ePokud v to nebudeme v\u011b\u0159it nebo sn\u00edt o tom, \u017ee vyhrajeme Ligu mistr\u016f, nem\u00e1 to smysl hr\u00e1t,\u201c zd\u016fraznil.<\/p><p>Stoj\u00edme te\u010f na m\u00edst\u011b, s nov\u00fdm form\u00e1tem v t\u00e9to sezon\u011b kvalifikace nen\u00ed snadn\u00e1. Te\u010f jsme vyhr\u00e1li prvn\u00ed z\u00e1pas (proti PSV) a z\u00edtra m\u00e1me velkou \u0161anci vyhr\u00e1t z\u00e1pas a kvalifikovat se. Po tom je\u0161t\u011b \u010dty\u0159i z\u00e1pasy do fin\u00e1le. M\u016f\u017eeme to zvl\u00e1dnout, v\u0161ichni v to v\u011b\u0159\u00edme. Mus\u00edme tvrd\u011b pracovat a modlit se.<\/p><p>Je n\u00e1m to l\u00edto, \u017ee jsme poh\u00e1r nevyhr\u00e1li, ale mus\u00edme d\u00e1l v\u011b\u0159it, proto\u017ee jsme tady. Minul\u00fd t\u00fdden jsme vyhr\u00e1li n\u00e1\u0161 prvn\u00ed z\u00e1pas, a kdybychom vyhr\u00e1li nebo remizovali, byli bychom v \u010dtvrtfin\u00e1le. Tak\u017ee v\u0161echno je mo\u017en\u00e9. Mus\u00edme v\u011b\u0159it v sebe a ka\u017ed\u00fd v\u011b\u0159\u00ed, \u017ee to zvl\u00e1dneme.<\/p>","protected":false},"excerpt":{"rendered":"<p>Arsenal-Innenverteidiger William Saliba gibt zu, dass die Gunners es einfach nicht verdienen, an der Spitze der Premier League-Tabelle zu stehen. Liverpool liegt derzeit mit 15 Punkten Vorsprung an der Tabellenspitze und hat ein Spiel mehr absolviert als die Mannschaft von Mikel Arteta. Cheftrainer Mikel Arteta weigerte sich, eine Niederlage im Titelrennen zu akzeptieren \u2013 selbst [&hellip;]<\/p>","protected":false},"author":1,"featured_media":21051,"comment_status":"open","ping_status":"open","sticky":false,"template":"","format":"standard","meta":{"footnotes":""},"categories":[1393],"tags":[1394],"class_list":["post-21049","post","type-post","status-publish","format-standard","has-post-thumbnail","hentry","category-billige-trikots","tag-billige-trikots"],"_links":{"self":[{"href":"https:\/\/www.billigtrikotde.com\/cs\/wp-json\/wp\/v2\/posts\/21049","targetHints":{"allow":["GET"]}}],"collection":[{"href":"https:\/\/www.billigtrikotde.com\/cs\/wp-json\/wp\/v2\/posts"}],"about":[{"href":"https:\/\/www.billigtrikotde.com\/cs\/wp-json\/wp\/v2\/types\/post"}],"author":[{"embeddable":true,"href":"https:\/\/www.billigtrikotde.com\/cs\/wp-json\/wp\/v2\/users\/1"}],"replies":[{"embeddable":true,"href":"https:\/\/www.billigtrikotde.com\/cs\/wp-json\/wp\/v2\/comments?post=21049"}],"version-history":[{"count":3,"href":"https:\/\/www.billigtrikotde.com\/cs\/wp-json\/wp\/v2\/posts\/21049\/revisions"}],"predecessor-version":[{"id":21053,"href":"https:\/\/www.billigtrikotde.com\/cs\/wp-json\/wp\/v2\/posts\/21049\/revisions\/21053"}],"wp:featuredmedia":[{"embeddable":true,"href":"https:\/\/www.billigtrikotde.com\/cs\/wp-json\/wp\/v2\/media\/21051"}],"wp:attachment":[{"href":"https:\/\/www.billigtrikotde.com\/cs\/wp-json\/wp\/v2\/media?parent=21049"}],"wp:term":[{"taxonomy":"category","embeddable":true,"href":"https:\/\/www.billigtrikotde.com\/cs\/wp-json\/wp\/v2\/categories?post=21049"},{"taxonomy":"post_tag","embeddable":true,"href":"https:\/\/www.billigtrikotde.com\/cs\/wp-json\/wp\/v2\/tags?post=21049"}],"curies":[{"name":"wp","href":"https:\/\/api.w.org\/{rel}","templated":true}]}}