{"id":20597,"date":"2025-01-12T15:26:14","date_gmt":"2025-01-12T14:26:14","guid":{"rendered":"https:\/\/www.billigtrikotde.com\/?p=20597"},"modified":"2025-01-12T15:29:25","modified_gmt":"2025-01-12T14:29:25","slug":"pep-guardiola-sagt-kyle-walker-habe-darum-gebeten-manchester-city-zu-verlassen","status":"publish","type":"post","link":"https:\/\/www.billigtrikotde.com\/cs\/pep-guardiola-sagt-kyle-walker-habe-darum-gebeten-manchester-city-zu-verlassen\/","title":{"rendered":"Pep Guardiola \u0159\u00edk\u00e1, \u017ee Kyle Walker po\u017e\u00e1dal o odchod z Manchesteru City"},"content":{"rendered":"<p>Po rozdrcen\u00ed Salfordu 8:0 v FA Cupu prozradil mana\u017eer Manchesteru City Pep Guardiola d\u016fvod, pro\u010d nebyl v sestav\u011b prav\u00fd obr\u00e1nce Kyle Walker. Uvedl, \u017ee Walker po\u017e\u00e1dal o odchod z klubu, aby mohl pokra\u010dovat v zahrani\u010dn\u00ed kari\u00e9\u0159e. Guardiola potvrdil, \u017ee za Walkera ji\u017e d\u0159\u00edve obdr\u017eel nab\u00eddku od Bayernu Mnichov, ale ta neodpov\u00eddala ocen\u011bn\u00ed klubu.<\/p><p>Walkerovi je nyn\u00ed 34 let a jeho role v City se s p\u0159\u00edchodem Rica Lewise zmen\u0161ila, ale to neznamen\u00e1, \u017ee nem\u00e1 ostatn\u00edm t\u00fdm\u016fm po cel\u00e9m sv\u011bt\u011b co nab\u00eddnout. Se City Walker vyhr\u00e1l Ligu mistr\u016f, mistrovstv\u00ed sv\u011bta klub\u016f, Superpoh\u00e1r UEFA, dvakr\u00e1t FA Cup, \u010dty\u0159ikr\u00e1t Ligov\u00fd poh\u00e1r, dvakr\u00e1t anglick\u00fd Superpoh\u00e1r a \u0161estkr\u00e1t Premier League. Takov\u00ed v\u00edt\u011bzov\u00e9 nerostou na stromech.<\/p><p>\"P\u0159ed dv\u011bma dny Kyle po\u017e\u00e1dal, aby se pod\u00edval na mo\u017enosti hr\u00e1t v zahrani\u010d\u00ed na konci sv\u00e9 kari\u00e9ry,\" \u0159ekl Guardiola. \"O cestu po\u017e\u00e1dal p\u0159ed dv\u011bma dny. Bayern Mnichov, mysl\u00edm, \u017ee jeden t\u00fdm, ale nab\u00eddka nebyla dost dobr\u00e1, ale j\u00e1 jsem se ho zeptal a klub se ho zeptal, jak je to d\u016fle\u017eit\u00e9. Nem\u016f\u017eeme pochopit \u00fasp\u011bch, kter\u00fd jsme za v\u0161echny ty roky m\u011bli, bez Kylea, to nen\u00ed mo\u017en\u00e9.<\/p><p>\"Jak zn\u00e1m jeho p\u0159\u00edstup, z mnoha d\u016fvod\u016f by u\u017e cht\u011bl prozkoumat, zda by v posledn\u00edch letech necht\u011bl j\u00edt hr\u00e1t do jin\u00e9 zem\u011b, a proto rad\u011bji nech\u00e1m hr\u00e1t jin\u00e9 hr\u00e1\u010de, jejich\u017e p\u0159\u00edstup je tady. To je v\u0161e.\"<\/p><p>A\u010dkoli Guardiola prohl\u00e1sil, \u017ee Walker je pouze na zkou\u0161ce a neznamen\u00e1 to, \u017ee z klubu odch\u00e1z\u00ed, zd\u00e1 se, \u017ee je to za\u010d\u00e1tek jeho konce. Vzhledem k tomu, \u017ee City v t\u00e9to f\u00e1zi sezony Premier League neobsadilo ani m\u00edsto v Evrop\u011b, se v\u011bci rozhodn\u011b nevyv\u00edjej\u00ed podle pl\u00e1nu, ale tak\u00e9 to znamen\u00e1, \u017ee trocha ot\u0159es\u016f nem\u016f\u017ee u\u0161kodit.<\/p><p>Walker je jedn\u00edm z nejd\u00e9le slou\u017e\u00edc\u00edch hr\u00e1\u010d\u016f v klubu a st\u00e1l u \u00fasp\u011bch\u016f Guardiolova t\u00fdmu, tak\u017ee jeho p\u0159\u00edpadn\u00fd odchod je pro fanou\u0161ky bolestivou p\u0159edstavou, ale v z\u00e1v\u011bre\u010dn\u00e9m obdob\u00ed by mohl t\u00fdmu dodat energii. V lednu je prostor pro posily, a p\u0159esto\u017ee titul m\u016f\u017ee b\u00fdt v nedohlednu, City si chce zajistit \u00fa\u010dast v Lize mistr\u016f. Pokud se jim poda\u0159\u00ed obr\u00e1tit formu a dos\u00e1hnout toho, zat\u00edmco Walker bude m\u00edt pot\u011b\u0161en\u00ed hr\u00e1t jinde, mohly by v\u0161echny strany zakon\u010dit tuto sez\u00f3nu spokojen\u011b.<\/p><p>Guardiola byl v\u017edy t\u00edm, kdo si v klubu nenech\u00e1val hr\u00e1\u010de, kte\u0159\u00ed tam necht\u011bli b\u00fdt, a v t\u00e9to situaci tomu nen\u00ed jinak.<\/p><p>\"Mo\u017en\u00e1 se m\u00fdl\u00edm, ale st\u00e1le jsem p\u0159esv\u011bd\u010den, \u017ee v na\u0161\u00ed pr\u00e1ci, v jak\u00e9koli pr\u00e1ci, nen\u00ed nikdo, kdo by necht\u011bl b\u00fdt tam, kde nem\u016f\u017ee hr\u00e1t nebo b\u00fdt t\u00edm, \u010d\u00edm chce b\u00fdt,\" \u0159ekl Guardiola.<\/p><p>Vzhledem k tomu, \u017ee v lednu bude otev\u0159eno p\u0159estupov\u00e9 okno, mohl by se p\u0159\u00edpadn\u00fd p\u0159esun rychle rozvinout.<\/p>","protected":false},"excerpt":{"rendered":"<p>Nachdem er Salford im FA Cup mit 8:0 vernichtend geschlagen hatte, gab Manchester Citys Trainer Pep Guardiola den Grund bekannt, warum Rechtsverteidiger Kyle Walker nicht im Kader war. Er sagte, Walker habe darum gebeten, den Verein zu verlassen, um Chancen im Ausland wahrzunehmen. Guardiola best\u00e4tigte, dass zuvor ein Angebot von Bayern M\u00fcnchen f\u00fcr Walker eingegangen [&hellip;]<\/p>","protected":false},"author":1,"featured_media":20599,"comment_status":"open","ping_status":"open","sticky":false,"template":"","format":"standard","meta":{"footnotes":""},"categories":[1],"tags":[1389,1390,1388],"class_list":["post-20597","post","type-post","status-publish","format-standard","has-post-thumbnail","hentry","category-allgemein","tag-kyle-walker","tag-manchester-city","tag-pep-guardiola"],"_links":{"self":[{"href":"https:\/\/www.billigtrikotde.com\/cs\/wp-json\/wp\/v2\/posts\/20597","targetHints":{"allow":["GET"]}}],"collection":[{"href":"https:\/\/www.billigtrikotde.com\/cs\/wp-json\/wp\/v2\/posts"}],"about":[{"href":"https:\/\/www.billigtrikotde.com\/cs\/wp-json\/wp\/v2\/types\/post"}],"author":[{"embeddable":true,"href":"https:\/\/www.billigtrikotde.com\/cs\/wp-json\/wp\/v2\/users\/1"}],"replies":[{"embeddable":true,"href":"https:\/\/www.billigtrikotde.com\/cs\/wp-json\/wp\/v2\/comments?post=20597"}],"version-history":[{"count":1,"href":"https:\/\/www.billigtrikotde.com\/cs\/wp-json\/wp\/v2\/posts\/20597\/revisions"}],"predecessor-version":[{"id":20598,"href":"https:\/\/www.billigtrikotde.com\/cs\/wp-json\/wp\/v2\/posts\/20597\/revisions\/20598"}],"wp:featuredmedia":[{"embeddable":true,"href":"https:\/\/www.billigtrikotde.com\/cs\/wp-json\/wp\/v2\/media\/20599"}],"wp:attachment":[{"href":"https:\/\/www.billigtrikotde.com\/cs\/wp-json\/wp\/v2\/media?parent=20597"}],"wp:term":[{"taxonomy":"category","embeddable":true,"href":"https:\/\/www.billigtrikotde.com\/cs\/wp-json\/wp\/v2\/categories?post=20597"},{"taxonomy":"post_tag","embeddable":true,"href":"https:\/\/www.billigtrikotde.com\/cs\/wp-json\/wp\/v2\/tags?post=20597"}],"curies":[{"name":"wp","href":"https:\/\/api.w.org\/{rel}","templated":true}]}}